{"id":106981,"date":"2020-05-23T13:26:34","date_gmt":"2020-05-23T11:26:34","guid":{"rendered":"http:\/\/www.tucomarca.com\/wordpress\/segunda\/?p=106981"},"modified":"2020-05-23T13:26:39","modified_gmt":"2020-05-23T11:26:39","slug":"la-sociedad-espanola-de-neumologia-y-cirugia-toracica-recomienda-no-fumar-en-terrazas-y-espacios-publicos-ya-que-aumenta-el-riesgo-de-contagios","status":"publish","type":"post","link":"https:\/\/www.tucomarca.com\/wordpress\/segunda\/la-sociedad-espanola-de-neumologia-y-cirugia-toracica-recomienda-no-fumar-en-terrazas-y-espacios-publicos-ya-que-aumenta-el-riesgo-de-contagios\/","title":{"rendered":"La Sociedad Espa\u00f1ola de Neumolog\u00eda y Cirug\u00eda Tor\u00e1cica recomienda no fumar en terrazas y espacios p\u00fablicos ya que aumenta el riesgo de contagios"},"content":{"rendered":"\n<p>La Unidad de Prevenci\u00f3n Comunitaria de Conductas Adictivas (UPCCA) del Ayuntamiento de Requena quiere hacer llegar a todos los vecinos y vecinas del municipio, una interesante recomendaci\u00f3n para prevenir el contagio del coronavirus tras la publicaci\u00f3n de la Sociedad Espa\u00f1ola de Neumolog\u00eda.<\/p>\n\n\n\n<p>As\u00ed, la Sociedad Espa\u00f1ola de Neumolog\u00eda y Cirug\u00eda Tor\u00e1cica (SEPAR) recomienda no fumar en las terrazas y espacios p\u00fablicos, durante el per\u00edodo de desescalada, porque considera que son espacios en los que el riesgo de contagio aumenta tanto para los fumadores como para las personas del entorno.<\/p>\n\n\n\n<p>\u00abAl fumar y exhalar el humo, ya sea tabaco convencional o dispositivos electr\u00f3nicos, se expulsan diminutas gotitas respiratorias que pueden contener carga viral y ser altamente contagiosa, pero adem\u00e1s al fumar es inevitable llevarse la mano a la boca o a la nariz o a la cara, lo cual facilita la entrada del virus en el aparato respiratorio\u00bb, explica el neum\u00f3logo y presidente de SEPAR, Carlos A. Jim\u00e9nez-Ruiz.<\/p>\n\n\n\n<p>Adem\u00e1s, el doctor a\u00f1ade un nuevo factor de riesgo<strong>: <\/strong>\u00abEl uso obligatorio de mascarillas que rige en el momento actual, el sujeto cuando realiza el acto de fumar debe quit\u00e1rsela y pon\u00e9rsela lo cual aumenta el riesgo de manipulaci\u00f3n de la mascarilla y, en consecuencia, el riesgo de contagiarla\u00bb.<\/p>\n\n\n\n<p>Las gotitas respiratorias, tambi\u00e9n llamadas gotitas de Fl\u00fcgge, son part\u00edculas&nbsp; diminutas, invisibles al ojo humano, expelidas al hablar, toser, estornudar o respirar, que pueden transportar g\u00e9rmenes infecciosos de un individuo a otro. Estas part\u00edculas pueden permanecer hasta 30 minutos en el aire en suspensi\u00f3n y alcanzan hasta los dos metros de distancia, lo cual les permite ingresar en las v\u00edas respiratorias de las personas del entorno y contaminar superficies donde pueden permanecer durante horas en funci\u00f3n del tipo de material.<\/p>\n\n\n\n<p>\u00abLa evidencia cient\u00edfica ya nos ha demostrado que el coronavirus se transfiere entre personas a trav\u00e9s de las gotitas de Fl\u00fcgge y por v\u00edas de contacto con superficies por lo que nuestra recomendaci\u00f3n ahora m\u00e1s que nunca es no fumar\u00bb, a\u00f1ade el doctor Signes-Costa, coordinador del \u00c1rea de tabaquismo de SEPAR.<\/p>\n\n\n\n<p>As\u00ed pues, la Sociedad Espa\u00f1ola de Neumolog\u00eda y Cirug\u00eda Tor\u00e1cica quiere recordar que fumar o vapear en tiempos de la pandemia COVID-19 conlleva un mayor riesgo de padecer una forma grave y de peor pron\u00f3stico de la enfermedad. Adem\u00e1s, insisten en que durante el per\u00edodo de desescalada es muy recomendable mantener todos los ambientes, tanto cerrados como al aire libre, cien por cien libres de humo de tabaco.<\/p>\n","protected":false},"excerpt":{"rendered":"<div class=\"mh-excerpt\">La Unidad de Prevenci\u00f3n Comunitaria de Conductas Adictivas (UPCCA) del Ayuntamiento de Requena quiere hacer llegar a todos los vecinos y vecinas del municipio, una interesante recomendaci\u00f3n para prevenir el contagio del coronavirus tras la <a class=\"mh-excerpt-more\" href=\"https:\/\/www.tucomarca.com\/wordpress\/segunda\/la-sociedad-espanola-de-neumologia-y-cirugia-toracica-recomienda-no-fumar-en-terrazas-y-espacios-publicos-ya-que-aumenta-el-riesgo-de-contagios\/\" title=\"La Sociedad Espa\u00f1ola de Neumolog\u00eda y Cirug\u00eda Tor\u00e1cica recomienda no fumar en terrazas y espacios p\u00fablicos ya que aumenta el riesgo de contagios\">[+] <\/a><\/div>\n","protected":false},"author":1,"featured_media":106376,"comment_status":"open","ping_status":"open","sticky":false,"template":"","format":"standard","meta":{"footnotes":""},"categories":[119,128,8,117,142,28,27,3,116,45],"tags":[11937,11938,11951,10387],"class_list":{"0":"post-106981","1":"post","2":"type-post","3":"status-publish","4":"format-standard","5":"has-post-thumbnail","7":"category-sanidad-la-comarca","8":"category-infraestructuras","9":"category-la-comarca","10":"category-medio-ambiente-la-comarca","11":"category-politica-la-comarca","12":"category-requena","13":"category-requena-utiel","14":"category-seccion","15":"category-sucesos-la-comarca","16":"category-ventana","17":"tag-coronavirus","18":"tag-covid-19","19":"tag-covid2019","20":"tag-requena-utiel"},"_links":{"self":[{"href":"https:\/\/www.tucomarca.com\/wordpress\/segunda\/wp-json\/wp\/v2\/posts\/106981","targetHints":{"allow":["GET"]}}],"collection":[{"href":"https:\/\/www.tucomarca.com\/wordpress\/segunda\/wp-json\/wp\/v2\/posts"}],"about":[{"href":"https:\/\/www.tucomarca.com\/wordpress\/segunda\/wp-json\/wp\/v2\/types\/post"}],"author":[{"embeddable":true,"href":"https:\/\/www.tucomarca.com\/wordpress\/segunda\/wp-json\/wp\/v2\/users\/1"}],"replies":[{"embeddable":true,"href":"https:\/\/www.tucomarca.com\/wordpress\/segunda\/wp-json\/wp\/v2\/comments?post=106981"}],"version-history":[{"count":0,"href":"https:\/\/www.tucomarca.com\/wordpress\/segunda\/wp-json\/wp\/v2\/posts\/106981\/revisions"}],"wp:featuredmedia":[{"embeddable":true,"href":"https:\/\/www.tucomarca.com\/wordpress\/segunda\/wp-json\/wp\/v2\/media\/106376"}],"wp:attachment":[{"href":"https:\/\/www.tucomarca.com\/wordpress\/segunda\/wp-json\/wp\/v2\/media?parent=106981"}],"wp:term":[{"taxonomy":"category","embeddable":true,"href":"https:\/\/www.tucomarca.com\/wordpress\/segunda\/wp-json\/wp\/v2\/categories?post=106981"},{"taxonomy":"post_tag","embeddable":true,"href":"https:\/\/www.tucomarca.com\/wordpress\/segunda\/wp-json\/wp\/v2\/tags?post=106981"}],"curies":[{"name":"wp","href":"https:\/\/api.w.org\/{rel}","templated":true}]}}