{"id":107000,"date":"2020-05-23T13:11:09","date_gmt":"2020-05-23T11:11:09","guid":{"rendered":"http:\/\/www.tucomarca.com\/wordpress\/segunda\/?p=107000"},"modified":"2020-05-23T13:54:01","modified_gmt":"2020-05-23T11:54:01","slug":"el-ayuntamiento-de-cheste-senaliza-un-circuito-peatonal","status":"publish","type":"post","link":"https:\/\/www.tucomarca.com\/wordpress\/segunda\/el-ayuntamiento-de-cheste-senaliza-un-circuito-peatonal\/","title":{"rendered":"El Ayuntamiento de Cheste se\u00f1aliza un circuito peatonal"},"content":{"rendered":"\n<p>Desde la entrada en la fase 0 del plan de desescalada, la afluencia de vecinos y vecinas que salen a caminar ha aumentado, por lo que el Ayuntamiento de cheste ha se\u00f1alizado una ruta que bordea el municipio, pasando por la Im\u00e9s y el pol\u00edgono Pino Blay.<\/p>\n\n\n\n<p>El circuito peatonal completo tiene un recorrido circular de 6 km, se puede comenzar desde cualquier punto de la periferia de Cheste y es de doble sentido en todo el trayecto. Ya se han instalado se\u00f1ales, tanto en el suelo como en paneles, para indicar la direcci\u00f3n a aquellas personas que quieran seguirlo.<\/p>\n\n\n\n<p>Se recuerda a la poblaci\u00f3n que las salidas con ni\u00f1os y ni\u00f1as, para dar paseos y para hacer deporte deben realizarse en las franjas horarias establecidas.<\/p>\n\n\n\n<figure class=\"wp-block-image\"><img loading=\"lazy\" decoding=\"async\" width=\"696\" height=\"984\" src=\"https:\/\/www.tucomarca.com\/wordpress\/segunda\/wp-content\/uploads\/2020\/05\/ChesteCircuitoPeatonal1.jpg\" alt=\"\" class=\"wp-image-107003\" srcset=\"https:\/\/www.tucomarca.com\/wordpress\/segunda\/wp-content\/uploads\/2020\/05\/ChesteCircuitoPeatonal1.jpg 696w, https:\/\/www.tucomarca.com\/wordpress\/segunda\/wp-content\/uploads\/2020\/05\/ChesteCircuitoPeatonal1-212x300.jpg 212w\" sizes=\"auto, (max-width: 696px) 100vw, 696px\" \/><\/figure>\n","protected":false},"excerpt":{"rendered":"<div class=\"mh-excerpt\">Desde la entrada en la fase 0 del plan de desescalada, la afluencia de vecinos y vecinas que salen a caminar ha aumentado, por lo que el Ayuntamiento de cheste ha se\u00f1alizado una ruta que <a class=\"mh-excerpt-more\" href=\"https:\/\/www.tucomarca.com\/wordpress\/segunda\/el-ayuntamiento-de-cheste-senaliza-un-circuito-peatonal\/\" title=\"El Ayuntamiento de Cheste se\u00f1aliza un circuito peatonal\">[+] <\/a><\/div>\n","protected":false},"author":1,"featured_media":107005,"comment_status":"open","ping_status":"open","sticky":false,"template":"","format":"standard","meta":{"footnotes":""},"categories":[119,17,128,8,10,117,142,3,116],"tags":[11937,11938,11951,5952],"class_list":{"0":"post-107000","1":"post","2":"type-post","3":"status-publish","4":"format-standard","5":"has-post-thumbnail","7":"category-sanidad-la-comarca","8":"category-cheste","9":"category-infraestructuras","10":"category-la-comarca","11":"category-la-hoya","12":"category-medio-ambiente-la-comarca","13":"category-politica-la-comarca","14":"category-seccion","15":"category-sucesos-la-comarca","16":"tag-coronavirus","17":"tag-covid-19","18":"tag-covid2019","19":"tag-la-hoya-de-bunol-chiva"},"_links":{"self":[{"href":"https:\/\/www.tucomarca.com\/wordpress\/segunda\/wp-json\/wp\/v2\/posts\/107000","targetHints":{"allow":["GET"]}}],"collection":[{"href":"https:\/\/www.tucomarca.com\/wordpress\/segunda\/wp-json\/wp\/v2\/posts"}],"about":[{"href":"https:\/\/www.tucomarca.com\/wordpress\/segunda\/wp-json\/wp\/v2\/types\/post"}],"author":[{"embeddable":true,"href":"https:\/\/www.tucomarca.com\/wordpress\/segunda\/wp-json\/wp\/v2\/users\/1"}],"replies":[{"embeddable":true,"href":"https:\/\/www.tucomarca.com\/wordpress\/segunda\/wp-json\/wp\/v2\/comments?post=107000"}],"version-history":[{"count":0,"href":"https:\/\/www.tucomarca.com\/wordpress\/segunda\/wp-json\/wp\/v2\/posts\/107000\/revisions"}],"wp:featuredmedia":[{"embeddable":true,"href":"https:\/\/www.tucomarca.com\/wordpress\/segunda\/wp-json\/wp\/v2\/media\/107005"}],"wp:attachment":[{"href":"https:\/\/www.tucomarca.com\/wordpress\/segunda\/wp-json\/wp\/v2\/media?parent=107000"}],"wp:term":[{"taxonomy":"category","embeddable":true,"href":"https:\/\/www.tucomarca.com\/wordpress\/segunda\/wp-json\/wp\/v2\/categories?post=107000"},{"taxonomy":"post_tag","embeddable":true,"href":"https:\/\/www.tucomarca.com\/wordpress\/segunda\/wp-json\/wp\/v2\/tags?post=107000"}],"curies":[{"name":"wp","href":"https:\/\/api.w.org\/{rel}","templated":true}]}}