{"id":107047,"date":"2020-05-25T12:58:56","date_gmt":"2020-05-25T10:58:56","guid":{"rendered":"http:\/\/www.tucomarca.com\/wordpress\/segunda\/?p=107047"},"modified":"2020-05-25T12:58:59","modified_gmt":"2020-05-25T10:58:59","slug":"el-cd-bunol-muestra-su-malestar-y-desacuerdo-con-la-decision-de-la-federacion-de-dirimir-el-ascenso-a-tercera-division-con-una-promocion-expres","status":"publish","type":"post","link":"https:\/\/www.tucomarca.com\/wordpress\/segunda\/el-cd-bunol-muestra-su-malestar-y-desacuerdo-con-la-decision-de-la-federacion-de-dirimir-el-ascenso-a-tercera-division-con-una-promocion-expres\/","title":{"rendered":"El CD Bu\u00f1ol muestra su malestar y desacuerdo con la decisi\u00f3n de la Federaci\u00f3n de dirimir el ascenso a Tercera Divisi\u00f3n con una \u00abpromoci\u00f3n expr\u00e9s\u00bb"},"content":{"rendered":"\n<p>La Junta Directiva del Club Deportivo Bu\u00f1ol ha enviado una carta la presidente de la Federaci\u00f3n de F\u00fatbol de la Comunidad Valenciana, en la que muestran su malestar y desacuerdo con la propuesta de una \u00abpromoci\u00f3n express\u00bb para el ascenso a Tercera Divisi\u00f3n.<\/p>\n\n\n\n<p>Seg\u00fan explican desde el CD Bu\u00f1ol, \u00aben aras de asegurar la m\u00e1xima transparencia informativa con nuestros seguidores y aficionados, deseamos transcribir en las siguientes l\u00edneas el contenido \u00edntegro de la carta enviada al presidente de la Federaci\u00f3n de F\u00fatbol de la Comunidad Valenciana a finales de la semana pasada:<\/p>\n\n\n\n<p><em>Al Excelent\u00edsimo Presidente de la Federaci\u00f3 de Futbol de la Comunitat Valenciana<\/em><\/p>\n\n\n\n<p><em>Muy se\u00f1or nuestro,<\/em><\/p>\n\n\n\n<p><em>A la vista de su Comunicado Oficial del pasado 13 de mayo en el que se anuncia, por unanimidad, el acuerdo de la Junta Directiva&nbsp; de la disputa de una promoci\u00f3n de ascenso a Tercera Divisi\u00f3n \u00aben formato expr\u00e9s\u00bb, el Club Deportivo Bu\u00f1ol desea manifestar lo siguiente:<\/em><\/p>\n\n\n\n<p><em>\u2013 &nbsp;&nbsp;&nbsp; En su comunicado de 20 de marzo de 2020, ustedes establecieron que cualquier actuaci\u00f3n que fuese a llevarse a cabo en el f\u00fatbol valenciano estar\u00eda basada en tres pilares: la salud, la econom\u00eda y la justicia de la competici\u00f3n.<\/em><\/p>\n\n\n\n<p><em>&#8211;&nbsp;&nbsp;&nbsp;&nbsp; En lo que respecta a la salud, este es el principal y esencial pilar de aquel comunicado, por lo que creemos que ustedes no son verdaderamente conscientes de la problem\u00e1tica que implica el regreso a los entrenamientos grupales y de campo en una categor\u00eda totalmente amateur como la nuestra.<\/em><\/p>\n\n\n\n<p><em>Nuestros jugadores y cuerpo t\u00e9cnico tienen todos sus actividades laborales ajenas al f\u00fatbol; actividades laborales que, en muchos casos, implican un contacto diario con un elevado n\u00famero de personas ajenas al club. Ello implica que, en el caso de reiniciarse los entrenamientos, los jugadores tendr\u00edan que ir a entrenar con sus compa\u00f1eros despu\u00e9s de haber mantenido durante todo el d\u00eda un elevado contacto social. Esto no ocurre en el f\u00fatbol profesional, lo cuales mantienen una menor y reducida exposici\u00f3n social.<\/em><\/p>\n\n\n\n<p><em>\u00bfC\u00f3mo piensa solucionar esto la Federaci\u00f3? \u00bfNos van a proporcionar tests suficientes para llevar a cabo a toda la plantilla antes de cada entrenamiento? \u00c9sa ser\u00eda la \u00fanica forma que podr\u00eda&nbsp; reducir en gran medida el &nbsp;riesgo de contagio entre compa\u00f1eros, pero nunca totalmente.&nbsp; &nbsp;<\/em><\/p>\n\n\n\n<p><em>Y es que, hay algo muy importante que creemos que no se est\u00e1 valorando adecuadamente: \u00bfqu\u00e9 ocurre si uno de nuestros jugadores o t\u00e9cnicos se contagia en los entrenamientos? \u00bfQui\u00e9n se va a hacer responsable de las consecuencias personales y econ\u00f3micas que se pudieran derivar de dicho contagio? \u00bfNos va a proporcionar la Federaci\u00f3 alg\u00fan tipo de seguro para estas situaciones? \u00bfQu\u00e9 pasa con las familias de los futbolistas y de las personas de riesgo que conviven con ellos?<\/em><\/p>\n\n\n\n<p><em>\u00bfY qu\u00e9 ocurre con la limpieza y desinfecci\u00f3n de las instalaciones y del material despu\u00e9s de cada entrenamiento? \u00bfNos va a proporcionar la Federaci\u00f3 protocolos y material adecuado para llevar a cabo dichas tareas?<\/em><\/p>\n\n\n\n<p><em>Todo ello sin olvidar que la instalaciones que utiliza nuestro club son municipales, de forma que ni siquiera sabemos si se nos va a permitir utilizarlas o en qu\u00e9 condiciones y plazos podremos hacerlo.<\/em><\/p>\n\n\n\n<p><em>Para el Club Deportivo Bu\u00f1ol, lo \u00fanico importante es la salud de sus jugadores, cuerpo t\u00e9cnico y familiares, por lo que no permitir\u00e1 que estos vuelvan a los entrenamientos grupales a menos que desde la Federaci\u00f3 se nos ofrezcan todos los medios necesarios para asegurar un riesgo cero de contagio en dichos entrenamientos.<\/em><\/p>\n\n\n\n<p><em>&#8211; &nbsp;&nbsp;&nbsp;&nbsp; En lo que respecta a la econom\u00eda, como ustedes bien saben, jugar una promoci\u00f3n de ascenso a Tercera Divisi\u00f3n en condiciones normales supone una inyecci\u00f3n econ\u00f3mica muy importante para un club de Preferente, fundamentalmente por taquilla, pero tambi\u00e9n por otros ingresos accesorios como merchandising, restauraci\u00f3n, derechos de radio\/televisi\u00f3n, patrocinadores puntuales\u2026<\/em><\/p>\n\n\n\n<p><em>Sin embargo, en una promoci\u00f3n expr\u00e9s jugada a puerta cerrada todos esos ingresos desaparecen, por lo que no es que desaparezca el beneficio econ\u00f3mico para el club, sino que adem\u00e1s nos causar\u00eda unas p\u00e9rdidas adicionales que habr\u00eda que sumar a la ya de por s\u00ed maltrecha econom\u00eda que tenemos actualmente a causa del coronavirus.<\/em><\/p>\n\n\n\n<p><em>En este sentido, \u00bfnos va a compensar la Federaci\u00f3 por todos esos ingresos que no vamos a poder obtener en caso de jugar una promoci\u00f3n expr\u00e9s?<\/em><\/p>\n\n\n\n<p><em>Desde luego, el Club Deportivo Bu\u00f1ol no va a poner en riesgo su econom\u00eda para jugar una promoci\u00f3n que, en lugar de reportarle un beneficio econ\u00f3mico, le reporte p\u00e9rdidas adicionales.<\/em><\/p>\n\n\n\n<p><em>&#8211; &nbsp;&nbsp;&nbsp;&nbsp; Y por \u00faltimo, en lo que respecta a la justicia de la competici\u00f3n, consideramos absolutamente injusto tener que jugarnos el trabajo, esfuerzo y sacrificio de toda la temporada en un \u00fanico partido, a puerta cerrada, en un campo desconocido y con unos jugadores y cuerpo t\u00e9cnico que, ni f\u00edsica ni psicol\u00f3gicamente, se van a encontrar debidamente preparados.<\/em><\/p>\n\n\n\n<p><em>En nuestro caso, se ha disputado m\u00e1s de un 75% de la temporada. Con ese volumen de partidos jugados es m\u00e1s que evidente que la clasificaci\u00f3n refleja fielmente qui\u00e9nes han sido los mejores equipos de la competici\u00f3n.<\/em><\/p>\n\n\n\n<p><em>\u00bfConsidera la Federaci\u00f3 que es justo que unos jugadores totalmente amateurs, que llevan m\u00e1s de dos meses sin poder pisar un terreno de juego, tengan que jugarse, en esta situaci\u00f3n de angustia vital, todo el esfuerzo, trabajo y sacrificio de la temporada a un partido \u00fanico? \u00bfDe verdad es eso justicia deportiva?<\/em><\/p>\n\n\n\n<p><em>Y es que, si lo que se pretende es la justicia deportiva, \u00bfqu\u00e9 pasa con los equipos que se han quedado a muy pocos puntos de los puestos de promoci\u00f3n? \u00bfNo hay justicia deportiva para ellos acabando de disputar las jornadas que restan para que puedan luchar por entrar en promoci\u00f3n? \u00bfO solamente se busca la justicia para unos pocos por temor a posibles represalias?<\/em><\/p>\n\n\n\n<p><em>Si la Federaci\u00f3 realmente busca la justicia de la competici\u00f3n, es totalmente incomprensible que se pretendan otorgar los ascensos en base a una promoci\u00f3n a partido \u00fanico totalmente adulterada por las circunstancias que nos rodean.<\/em><\/p>\n\n\n\n<p><em>\u2013 &nbsp;&nbsp;&nbsp; En definitiva, en base a todo lo expuesto en l\u00edneas anteriores, el Club Deportivo Bu\u00f1ol se muestra totalmente en contra de la celebraci\u00f3n de una \u00abpromoci\u00f3n expr\u00e9s\u00bb aprobada por la Junta Directiva de esta Federaci\u00f3, decisi\u00f3n que pone en peligro la salud de los deportistas, cuerpo t\u00e9cnico y familiares, la econom\u00eda de los clubes, as\u00ed como la quiebra del principio de justicia deportiva, reserv\u00e1ndose el derecho a renunciar a participar en la misma a menos que se nos ofrezcan protocolos y medios suficientes para poder volver a los entrenamientos con un riesgo cero de contagio para nuestros jugadores y cuerpo t\u00e9cnico y que adem\u00e1s, se nos compense econ\u00f3micamente por los ingresos que dejar\u00edamos de obtener en dicha \u00abpromoci\u00f3n expr\u00e9s\u00bb.<\/em><\/p>\n\n\n\n<p><em>\u2013 &nbsp;&nbsp;&nbsp; Todo ello, sin exceptuar el hecho de que nuestro club se reserva su potestad para tomar las acciones legales oportunas en caso de que considere vulnerados sus derechos y\/o los de sus jugadores y cuerpo t\u00e9cnico.<\/em><\/p>\n\n\n\n<p><em>Sin otro particular,<\/em><\/p>\n\n\n\n<p><em>La Junta Directiva del Club Deportivo Bu\u00f1ol<\/em><\/p>\n\n\n\n<p>Adem\u00e1s de todo lo expuesto en la misiva acabada de exponer, consideramos que existen tambi\u00e9n otra serie de factores que perjudican gravemente los intereses de nuestro club:<\/p>\n\n\n\n<p>\u2013 Ya no es solamente que el sistema de eliminatoria a partido \u00fanico sea totalmente injusto, sino que adem\u00e1s se pretende llevar a cabo sin pr\u00f3rroga, pasando directamente del tiempo reglamentario a los penaltis, lo que aumenta todav\u00eda m\u00e1s si cabe la aleatoriedad del resultado.<\/p>\n\n\n\n<p>\u2013 El Club Deportivo Bu\u00f1ol no obtiene ning\u00fan beneficio deportivo en dicha \u00abpromoci\u00f3n expr\u00e9s\u00bb por haber sido campe\u00f3n de grupo, a diferencia de lo que sucede en las promociones de ascenso a Segunda y a Segunda B, donde los campeones de grupo s\u00ed que tienen ciertas ventajas en las promociones de ascenso que se van a disputar (por ejemplo, en caso de empate avanza el equipo con mayor puntuaci\u00f3n en la liga regular).<\/p>\n\n\n\n<p>\u2013 Esta \u00abpromoci\u00f3n expr\u00e9s\u00bb hipoteca totalmente la temporada siguiente de nuestro club a nivel deportivo, ya que cuando acabe la misma (seguramente la segunda quincena de julio), todas las plantillas tanto de Preferente como de Tercera Divisi\u00f3n estar\u00e1n ya confeccionadas, de forma que la consecuci\u00f3n de jugadores para nuestro equipo se ver\u00e1 enormemente dificultada, independientemente de la categor\u00eda en la que finalmente vayamos a jugar.<\/p>\n\n\n\n<p>En definitiva, queremos que todo el mundo sea consciente de la delicada situaci\u00f3n en la que nos sit\u00faa la Federaci\u00f3n con la aprobaci\u00f3n de una \u00abpromoci\u00f3n expr\u00e9s\u00bb en unas condiciones que perjudican enormemente los intereses de nuestro club.<\/p>\n\n\n\n<p>No obstante, tambi\u00e9n queremos dejar muy claro que, en el caso de que finalmente nos veamos en condiciones de afrontar dicha \u00abpromoci\u00f3n expr\u00e9s\u00bb, os aseguramos de que no habr\u00e1 un mejor equipo que el nuestro para afrontar la misma. Nuestros jugadores y cuerpo t\u00e9cnico han demostrado ser los mejores en la competici\u00f3n regular, y que nadie tenga ninguna duda de que tambi\u00e9n van a demostrar ser los mejores en cualquier promoci\u00f3n que debamos afrontar.<\/p>\n\n\n\n<p>Ahora m\u00e1s que nunca, todos juntos.<\/p>\n\n\n\n<p>\u00a1Vamos Bu\u00f1ol!\u00bb, tal como han finalizado desde el club blanco.<\/p>\n","protected":false},"excerpt":{"rendered":"<div class=\"mh-excerpt\">La Junta Directiva del Club Deportivo Bu\u00f1ol ha enviado una carta la presidente de la Federaci\u00f3n de F\u00fatbol de la Comunidad Valenciana, en la que muestran su malestar y desacuerdo con la propuesta de una <a class=\"mh-excerpt-more\" href=\"https:\/\/www.tucomarca.com\/wordpress\/segunda\/el-cd-bunol-muestra-su-malestar-y-desacuerdo-con-la-decision-de-la-federacion-de-dirimir-el-ascenso-a-tercera-division-con-una-promocion-expres\/\" title=\"El CD Bu\u00f1ol muestra su malestar y desacuerdo con la decisi\u00f3n de la Federaci\u00f3n de dirimir el ascenso a Tercera Divisi\u00f3n con una \u00abpromoci\u00f3n expr\u00e9s\u00bb\">[+] <\/a><\/div>\n","protected":false},"author":1,"featured_media":91750,"comment_status":"open","ping_status":"open","sticky":false,"template":"","format":"standard","meta":{"footnotes":""},"categories":[18,50,119,6,128,8,10,3,116],"tags":[537,11937,11938,11951,10379,10661],"class_list":{"0":"post-107047","1":"post","2":"type-post","3":"status-publish","4":"format-standard","5":"has-post-thumbnail","7":"category-bunol","8":"category-futbol-deportes","9":"category-sanidad-la-comarca","10":"category-deportes","11":"category-infraestructuras","12":"category-la-comarca","13":"category-la-hoya","14":"category-seccion","15":"category-sucesos-la-comarca","16":"tag-cd-bunol","17":"tag-coronavirus","18":"tag-covid-19","19":"tag-covid2019","20":"tag-deportes","21":"tag-esports"},"_links":{"self":[{"href":"https:\/\/www.tucomarca.com\/wordpress\/segunda\/wp-json\/wp\/v2\/posts\/107047","targetHints":{"allow":["GET"]}}],"collection":[{"href":"https:\/\/www.tucomarca.com\/wordpress\/segunda\/wp-json\/wp\/v2\/posts"}],"about":[{"href":"https:\/\/www.tucomarca.com\/wordpress\/segunda\/wp-json\/wp\/v2\/types\/post"}],"author":[{"embeddable":true,"href":"https:\/\/www.tucomarca.com\/wordpress\/segunda\/wp-json\/wp\/v2\/users\/1"}],"replies":[{"embeddable":true,"href":"https:\/\/www.tucomarca.com\/wordpress\/segunda\/wp-json\/wp\/v2\/comments?post=107047"}],"version-history":[{"count":0,"href":"https:\/\/www.tucomarca.com\/wordpress\/segunda\/wp-json\/wp\/v2\/posts\/107047\/revisions"}],"wp:featuredmedia":[{"embeddable":true,"href":"https:\/\/www.tucomarca.com\/wordpress\/segunda\/wp-json\/wp\/v2\/media\/91750"}],"wp:attachment":[{"href":"https:\/\/www.tucomarca.com\/wordpress\/segunda\/wp-json\/wp\/v2\/media?parent=107047"}],"wp:term":[{"taxonomy":"category","embeddable":true,"href":"https:\/\/www.tucomarca.com\/wordpress\/segunda\/wp-json\/wp\/v2\/categories?post=107047"},{"taxonomy":"post_tag","embeddable":true,"href":"https:\/\/www.tucomarca.com\/wordpress\/segunda\/wp-json\/wp\/v2\/tags?post=107047"}],"curies":[{"name":"wp","href":"https:\/\/api.w.org\/{rel}","templated":true}]}}