{"id":107122,"date":"2020-05-25T21:29:36","date_gmt":"2020-05-25T19:29:36","guid":{"rendered":"http:\/\/www.tucomarca.com\/wordpress\/segunda\/?p=107122"},"modified":"2020-05-25T21:29:39","modified_gmt":"2020-05-25T19:29:39","slug":"los-nuevos-casos-de-coronavirus-se-situan-en-niveles-de-la-primera-semana-de-marzo","status":"publish","type":"post","link":"https:\/\/www.tucomarca.com\/wordpress\/segunda\/los-nuevos-casos-de-coronavirus-se-situan-en-niveles-de-la-primera-semana-de-marzo\/","title":{"rendered":"Los nuevos casos de coronavirus se sit\u00faan en niveles de la primera semana de marzo"},"content":{"rendered":"\n<p><strong class=\"\">Se confirman 7 nuevos casos positivos a trav\u00e9s de PCR, una cifra que no se daba desde el pasado 8 de marzo<\/strong><\/p>\n\n\n\n<p><strong class=\"\">Las altas a pacientes con coronavirus tambi\u00e9n contin\u00faan la tendencia al alza y superan ya las 11.000<\/strong><\/p>\n\n\n\n<p>La Conselleria de Sanidad Universal y Salud P\u00fablica ha confirmado 7 nuevos casos positivos a trav\u00e9s de PCR, una cifra que no se daba desde el pasado 8 de marzo. En aquellos momentos la tendencia era de crecimiento pero, una vez doblegada la curva de contagios, comenz\u00f3 el descenso. El total de positivos es de 11.080. Por provincias la distribuci\u00f3n es la siguiente:&nbsp;<\/p>\n\n\n\n<ul class=\"wp-block-list\"><li>2 en Castell\u00f3n. Total: 1.514&nbsp;<\/li><li>2 en Alicante. Total: 3.868&nbsp;<\/li><li>3 en Valencia. Total: 5.693&nbsp;<\/li><li>5 desplazados (no nuevos)&nbsp;<\/li><\/ul>\n\n\n\n<p>En el otro extremo se sit\u00faan las altas a pacientes con coronavirus. En las \u00faltimas 24 horas se han registrado 144 nuevas, que elevan a 11.010 el total desde que comenz\u00f3 la pandemia en la Comunitat Valenciana.&nbsp;<\/p>\n\n\n\n<p>Por otro lado, en estos momentos se encuentran activos 3.027 del total de casos detectados desde el inicio, lo que representa un 19,59%.&nbsp;<\/p>\n\n\n\n<p>En la actualidad solo hay 33 personas que requieren UCI en toda la Comunitat (5 en Castell\u00f3n, 18 en Alicante y 10 en la provincia de Valencia). Por su parte, el n\u00famero de enfermos de coronavirus hospitalizados es de 221 personas (15 en Castell\u00f3n, 67 en Alicante y 139 en la provincia de Valencia).&nbsp;<\/p>\n\n\n\n<p>Desde este domingo se ha producido un fallecimiento, lo que eleva a 1.413 las personas que han fallecido en la Comunitat Valenciana por coronavirus: 212 en la provincia de Castell\u00f3n, 498 en Alicante y 703 en la provincia de Valencia.&nbsp;<\/p>\n\n\n\n<p>El n\u00famero de altas de profesionales sanitarios es de 2.150 y el n\u00famero total de positivos en profesionales en estos momentos es de 559.&nbsp;<\/p>\n\n\n\n<p>El n\u00famero total de pruebas llevadas a cabo para la detecci\u00f3n del coronavirus han sido 291.306, de las cuales 197.885 han sido a trav\u00e9s de PCR y 93.421 a trav\u00e9s de test r\u00e1pido.&nbsp;<\/p>\n\n\n\n<p><strong>Actualizaci\u00f3n de la situaci\u00f3n en residencias<\/strong><\/p>\n\n\n\n<p>Actualmente hay alg\u00fan caso positivo en 78 centros (12 en la provincia de Castell\u00f3n, 32 en la de Alicante y 34 en la provincia de Valencia).&nbsp;<\/p>\n\n\n\n<ul class=\"wp-block-list\"><li>Residentes nuevos positivos: 2&nbsp;<\/li><li>Trabajadores nuevos positivos: 0&nbsp;<\/li><li>Residentes fallecidos: 1&nbsp;<\/li><\/ul>\n\n\n\n<p>En estos momentos, se encuentran bajo vigilancia activa de control sanitario 28 residencias en la Comunitat Valenciana: 8 en la provincia de Castell\u00f3n, 7 en la provincia de Alicante y 13 en la provincia de Valencia.<\/p>\n","protected":false},"excerpt":{"rendered":"<div class=\"mh-excerpt\">Se confirman 7 nuevos casos positivos a trav\u00e9s de PCR, una cifra que no se daba desde el pasado 8 de marzo Las altas a pacientes con coronavirus tambi\u00e9n contin\u00faan la tendencia al alza y <a class=\"mh-excerpt-more\" href=\"https:\/\/www.tucomarca.com\/wordpress\/segunda\/los-nuevos-casos-de-coronavirus-se-situan-en-niveles-de-la-primera-semana-de-marzo\/\" title=\"Los nuevos casos de coronavirus se sit\u00faan en niveles de la primera semana de marzo\">[+] <\/a><\/div>\n","protected":false},"author":12,"featured_media":105180,"comment_status":"open","ping_status":"open","sticky":false,"template":"","format":"standard","meta":{"footnotes":""},"categories":[119,128,8,72,117,142,3,116,45],"tags":[10635,11937,11938],"class_list":{"0":"post-107122","1":"post","2":"type-post","3":"status-publish","4":"format-standard","5":"has-post-thumbnail","7":"category-sanidad-la-comarca","8":"category-infraestructuras","9":"category-la-comarca","10":"category-sin-categorizar","11":"category-medio-ambiente-la-comarca","12":"category-politica-la-comarca","13":"category-seccion","14":"category-sucesos-la-comarca","15":"category-ventana","16":"tag-conselleria-de-sanitat","17":"tag-coronavirus","18":"tag-covid-19"},"_links":{"self":[{"href":"https:\/\/www.tucomarca.com\/wordpress\/segunda\/wp-json\/wp\/v2\/posts\/107122","targetHints":{"allow":["GET"]}}],"collection":[{"href":"https:\/\/www.tucomarca.com\/wordpress\/segunda\/wp-json\/wp\/v2\/posts"}],"about":[{"href":"https:\/\/www.tucomarca.com\/wordpress\/segunda\/wp-json\/wp\/v2\/types\/post"}],"author":[{"embeddable":true,"href":"https:\/\/www.tucomarca.com\/wordpress\/segunda\/wp-json\/wp\/v2\/users\/12"}],"replies":[{"embeddable":true,"href":"https:\/\/www.tucomarca.com\/wordpress\/segunda\/wp-json\/wp\/v2\/comments?post=107122"}],"version-history":[{"count":0,"href":"https:\/\/www.tucomarca.com\/wordpress\/segunda\/wp-json\/wp\/v2\/posts\/107122\/revisions"}],"wp:featuredmedia":[{"embeddable":true,"href":"https:\/\/www.tucomarca.com\/wordpress\/segunda\/wp-json\/wp\/v2\/media\/105180"}],"wp:attachment":[{"href":"https:\/\/www.tucomarca.com\/wordpress\/segunda\/wp-json\/wp\/v2\/media?parent=107122"}],"wp:term":[{"taxonomy":"category","embeddable":true,"href":"https:\/\/www.tucomarca.com\/wordpress\/segunda\/wp-json\/wp\/v2\/categories?post=107122"},{"taxonomy":"post_tag","embeddable":true,"href":"https:\/\/www.tucomarca.com\/wordpress\/segunda\/wp-json\/wp\/v2\/tags?post=107122"}],"curies":[{"name":"wp","href":"https:\/\/api.w.org\/{rel}","templated":true}]}}