{"id":107166,"date":"2020-05-26T19:09:42","date_gmt":"2020-05-26T17:09:42","guid":{"rendered":"http:\/\/www.tucomarca.com\/wordpress\/segunda\/?p=107166"},"modified":"2020-05-26T19:09:44","modified_gmt":"2020-05-26T17:09:44","slug":"lelianavol-organiza-una-campana-de-recogida-de-alimentos-para-este-fin-de-semana","status":"publish","type":"post","link":"https:\/\/www.tucomarca.com\/wordpress\/segunda\/lelianavol-organiza-una-campana-de-recogida-de-alimentos-para-este-fin-de-semana\/","title":{"rendered":"L\u2019ElianaVol organiza una campa\u00f1a de recogida de alimentos para este fin de semana"},"content":{"rendered":"\n<p><strong>La cita solidaria tendr\u00e1 lugar este viernes y s\u00e1bado, entre las 10,00 y las 20,00 horas en el Espacio Vicente Tarazona<\/strong><\/p>\n\n\n\n<p>La asociaci\u00f3n L\u2019ElianaVol, en colaboraci\u00f3n con la concejal\u00eda de Cooperaci\u00f3n, Voluntariado y Solidaridad del Ayuntamiento, ha organizado una recogida de alimentos solidaria que tendr\u00e1 lugar este viernes 29 y s\u00e1bado 30 de mayo. Entre las 10 de la ma\u00f1ana y las 20 horas, las personas que quieran participar pueden acercar al espacio Vicente Tarazona del Parque de la Pinada v\u00edveres y productos tales como conservas, pasta, az\u00facar, alimentos infantiles, detergente, mascarillas, etc.&nbsp;<\/p>\n\n\n\n<p>La entidad local por el voluntariado destinar\u00e1 los alimentos y productos recibidos a la ayuda de familias en situaciones de emergencia a trav\u00e9s de la entidad Val\u00e8ncia \u00e9s refugi.<\/p>\n\n\n\n<p>Desde el inicio de la pandemia global provocada por el Covid-19, L\u2019ElianaVol no ha dejado de realizar acciones solidarias con el objetivo de paliar las consecuencias econ\u00f3micas, sociales y sanitarias entre los m\u00e1s desfavorecidos. Para ello ha contado recientemente con el apoyo del consistorio, en el env\u00edo de productos b\u00e1sicos a los campamentos de refugiados en Grecia.&nbsp;<\/p>\n\n\n\n<p>La concejala de Voluntariado, Cristina D\u00edaz, ha invitado a elianeros y elianeras a demostrar, una vez m\u00e1s, su compromiso social y a participar en esta nueva campa\u00f1a de recogida de alimentos para las familias que, en esta situaci\u00f3n tan excepcional que estamos viviendo, est\u00e1n padeciendo condiciones de emergencia alimentaria.<\/p>\n","protected":false},"excerpt":{"rendered":"<div class=\"mh-excerpt\">La cita solidaria tendr\u00e1 lugar este viernes y s\u00e1bado, entre las 10,00 y las 20,00 horas en el Espacio Vicente Tarazona La asociaci\u00f3n L\u2019ElianaVol, en colaboraci\u00f3n con la concejal\u00eda de Cooperaci\u00f3n, Voluntariado y Solidaridad del <a class=\"mh-excerpt-more\" href=\"https:\/\/www.tucomarca.com\/wordpress\/segunda\/lelianavol-organiza-una-campana-de-recogida-de-alimentos-para-este-fin-de-semana\/\" title=\"L\u2019ElianaVol organiza una campa\u00f1a de recogida de alimentos para este fin de semana\">[+] <\/a><\/div>\n","protected":false},"author":12,"featured_media":107168,"comment_status":"open","ping_status":"open","sticky":false,"template":"","format":"standard","meta":{"footnotes":""},"categories":[46,119,128,177,8,117,142,3,116],"tags":[10395,11937,11938,10433],"class_list":{"0":"post-107166","1":"post","2":"type-post","3":"status-publish","4":"format-standard","5":"has-post-thumbnail","7":"category-camp-de-turia","8":"category-sanidad-la-comarca","9":"category-infraestructuras","10":"category-leliana","11":"category-la-comarca","12":"category-medio-ambiente-la-comarca","13":"category-politica-la-comarca","14":"category-seccion","15":"category-sucesos-la-comarca","16":"tag-camp-de-turia","17":"tag-coronavirus","18":"tag-covid-19","19":"tag-leliana"},"_links":{"self":[{"href":"https:\/\/www.tucomarca.com\/wordpress\/segunda\/wp-json\/wp\/v2\/posts\/107166","targetHints":{"allow":["GET"]}}],"collection":[{"href":"https:\/\/www.tucomarca.com\/wordpress\/segunda\/wp-json\/wp\/v2\/posts"}],"about":[{"href":"https:\/\/www.tucomarca.com\/wordpress\/segunda\/wp-json\/wp\/v2\/types\/post"}],"author":[{"embeddable":true,"href":"https:\/\/www.tucomarca.com\/wordpress\/segunda\/wp-json\/wp\/v2\/users\/12"}],"replies":[{"embeddable":true,"href":"https:\/\/www.tucomarca.com\/wordpress\/segunda\/wp-json\/wp\/v2\/comments?post=107166"}],"version-history":[{"count":0,"href":"https:\/\/www.tucomarca.com\/wordpress\/segunda\/wp-json\/wp\/v2\/posts\/107166\/revisions"}],"wp:featuredmedia":[{"embeddable":true,"href":"https:\/\/www.tucomarca.com\/wordpress\/segunda\/wp-json\/wp\/v2\/media\/107168"}],"wp:attachment":[{"href":"https:\/\/www.tucomarca.com\/wordpress\/segunda\/wp-json\/wp\/v2\/media?parent=107166"}],"wp:term":[{"taxonomy":"category","embeddable":true,"href":"https:\/\/www.tucomarca.com\/wordpress\/segunda\/wp-json\/wp\/v2\/categories?post=107166"},{"taxonomy":"post_tag","embeddable":true,"href":"https:\/\/www.tucomarca.com\/wordpress\/segunda\/wp-json\/wp\/v2\/tags?post=107166"}],"curies":[{"name":"wp","href":"https:\/\/api.w.org\/{rel}","templated":true}]}}