{"id":107337,"date":"2020-05-28T12:45:49","date_gmt":"2020-05-28T10:45:49","guid":{"rendered":"http:\/\/www.tucomarca.com\/wordpress\/segunda\/?p=107337"},"modified":"2020-05-28T12:45:52","modified_gmt":"2020-05-28T10:45:52","slug":"cheste-limita-la-velocidad-a-20-km-h-en-las-calles-en-las-que-los-establecimientos-tienen-terrazas","status":"publish","type":"post","link":"https:\/\/www.tucomarca.com\/wordpress\/segunda\/cheste-limita-la-velocidad-a-20-km-h-en-las-calles-en-las-que-los-establecimientos-tienen-terrazas\/","title":{"rendered":"Cheste limita la velocidad a 20 km\/h en las calles en las que los establecimientos tienen terrazas"},"content":{"rendered":"\n<p>El Ayuntamiento de Cheste ha ampliado las zonas en las que los establecimientos tienen instaladas las terrazas para que puedan compensar el espacio perdido por el cumplimiento de la reducci\u00f3n del aforo y de las distancias de seguridad impuestas en la Fase 1 para evitar contagios de COVID-19.<\/p>\n\n\n\n<p>Ante esta ampliaci\u00f3n, en las calles donde las terrazas invaden m\u00e1s espacio en la calzada se ha decidido limitar la velocidad a 20 km\/hora con el objetivo de mejorar la seguridad vial. Esta limitaci\u00f3n se mantendr\u00e1 tras el estado de alarma en las zonas con aceras estrechas, plataforma \u00fanica o con mucha circulaci\u00f3n de ni\u00f1os y ni\u00f1as.<\/p>\n\n\n\n<p>Las calles que ver\u00e1n modificada la velocidad m\u00e1xima permitida son P\u00e9rez Gald\u00f3s, Antonio Machado, Vicente Blasco Ib\u00e1\u00f1ez, Julio Tar\u00edn y Antonino.<br>Adem\u00e1s, la Polic\u00eda Local est\u00e1 est\u00e1 estudiando implantar esta limitaci\u00f3n de velocidad en otras calles de la localidad que son problem\u00e1ticas con respecto a la seguridad vial para mejorar la convivencia entre peatones y veh\u00edculos.<\/p>\n","protected":false},"excerpt":{"rendered":"<div class=\"mh-excerpt\">El Ayuntamiento de Cheste ha ampliado las zonas en las que los establecimientos tienen instaladas las terrazas para que puedan compensar el espacio perdido por el cumplimiento de la reducci\u00f3n del aforo y de las <a class=\"mh-excerpt-more\" href=\"https:\/\/www.tucomarca.com\/wordpress\/segunda\/cheste-limita-la-velocidad-a-20-km-h-en-las-calles-en-las-que-los-establecimientos-tienen-terrazas\/\" title=\"Cheste limita la velocidad a 20 km\/h en las calles en las que los establecimientos tienen terrazas\">[+] <\/a><\/div>\n","protected":false},"author":12,"featured_media":107339,"comment_status":"open","ping_status":"open","sticky":false,"template":"","format":"standard","meta":{"footnotes":""},"categories":[119,17,128,8,10,117,142,3,116],"tags":[10470,11937,11938,5952],"class_list":{"0":"post-107337","1":"post","2":"type-post","3":"status-publish","4":"format-standard","5":"has-post-thumbnail","7":"category-sanidad-la-comarca","8":"category-cheste","9":"category-infraestructuras","10":"category-la-comarca","11":"category-la-hoya","12":"category-medio-ambiente-la-comarca","13":"category-politica-la-comarca","14":"category-seccion","15":"category-sucesos-la-comarca","16":"tag-ayuntamiento-de-cheste","17":"tag-coronavirus","18":"tag-covid-19","19":"tag-la-hoya-de-bunol-chiva"},"_links":{"self":[{"href":"https:\/\/www.tucomarca.com\/wordpress\/segunda\/wp-json\/wp\/v2\/posts\/107337","targetHints":{"allow":["GET"]}}],"collection":[{"href":"https:\/\/www.tucomarca.com\/wordpress\/segunda\/wp-json\/wp\/v2\/posts"}],"about":[{"href":"https:\/\/www.tucomarca.com\/wordpress\/segunda\/wp-json\/wp\/v2\/types\/post"}],"author":[{"embeddable":true,"href":"https:\/\/www.tucomarca.com\/wordpress\/segunda\/wp-json\/wp\/v2\/users\/12"}],"replies":[{"embeddable":true,"href":"https:\/\/www.tucomarca.com\/wordpress\/segunda\/wp-json\/wp\/v2\/comments?post=107337"}],"version-history":[{"count":0,"href":"https:\/\/www.tucomarca.com\/wordpress\/segunda\/wp-json\/wp\/v2\/posts\/107337\/revisions"}],"wp:featuredmedia":[{"embeddable":true,"href":"https:\/\/www.tucomarca.com\/wordpress\/segunda\/wp-json\/wp\/v2\/media\/107339"}],"wp:attachment":[{"href":"https:\/\/www.tucomarca.com\/wordpress\/segunda\/wp-json\/wp\/v2\/media?parent=107337"}],"wp:term":[{"taxonomy":"category","embeddable":true,"href":"https:\/\/www.tucomarca.com\/wordpress\/segunda\/wp-json\/wp\/v2\/categories?post=107337"},{"taxonomy":"post_tag","embeddable":true,"href":"https:\/\/www.tucomarca.com\/wordpress\/segunda\/wp-json\/wp\/v2\/tags?post=107337"}],"curies":[{"name":"wp","href":"https:\/\/api.w.org\/{rel}","templated":true}]}}