{"id":107351,"date":"2020-05-28T12:42:59","date_gmt":"2020-05-28T10:42:59","guid":{"rendered":"http:\/\/www.tucomarca.com\/wordpress\/segunda\/?p=107351"},"modified":"2020-05-28T12:45:03","modified_gmt":"2020-05-28T10:45:03","slug":"las-nuevas-escolarizaciones-en-los-centros-de-leliana-se-realizaran-telematicamente-a-partir-del-8-de-junio","status":"publish","type":"post","link":"https:\/\/www.tucomarca.com\/wordpress\/segunda\/las-nuevas-escolarizaciones-en-los-centros-de-leliana-se-realizaran-telematicamente-a-partir-del-8-de-junio\/","title":{"rendered":"Las nuevas escolarizaciones en los centros de l\u2019Eliana se realizar\u00e1n telem\u00e1ticamente a partir del 8 de junio"},"content":{"rendered":"\n<p><strong>La concejal\u00eda de Educaci\u00f3n ha editado un dossier para asistir en el procedimiento a padres y madres de los nuevos alumnos de 3 a\u00f1os<\/strong><\/p>\n\n\n\n<p>El procedimiento de admisi\u00f3n y matriculaci\u00f3n del alumnado para el curso 2020\/2021 en los centros escolares de l\u2019Eliana se realizar\u00e1 por primera vez de forma telem\u00e1tica a trav\u00e9s de la web creada por la Conselleria de Educaci\u00f3n, Cultura y Deporte <a href=\"https:\/\/portal.edu.gva.es\/telematricula\/\">telematricula.es<\/a>. Para asistir a padres y madres que se inician en el proceso, la Concejal\u00eda de Educaci\u00f3n ha puesto a su disposici\u00f3n un dossier informativo con todos los detalles para completarlo con \u00e9xito, as\u00ed como la web <a href=\"http:\/\/www.leliana.es\/es\/page\/escolarizacion\">www.leliana.es\/es\/page\/escolarizacion<\/a>. No obstante, ante cualquier duda que pudiera surgir los servicios administrativos del \u00e1rea atender\u00e1n en el tel\u00e9fono 96 275 80 30 (Ext. 502) y en el correo <a href=\"mailto:educacio@leliana.es\">educacio@leliana.es<\/a>.<\/p>\n\n\n\n<p>Este procedimiento es de especial relevancia para aquellas familias que escolarizan por primera vez a sus hijos e hijas en Infantil 3 a\u00f1os, alumnos de deseen cursar primero de Bachillerato, Ciclos Formativos o alumnos que deseen cambiar de centro educativo.<\/p>\n\n\n\n<p>Las personas interesadas deber\u00e1n rellenar el formulario electr\u00f3nico de la solicitud y presentarla a trav\u00e9s de una clave de admisi\u00f3n, para lo cual deben tener a mano el DNI, NIE u otro de los sistemas de verificaci\u00f3n de identidad establecidos en la normativa. La clave de admisi\u00f3n, que no se podr\u00e1 solicitar antes del 8 de junio, estar\u00e1 compuesta por identificador personal y una contrase\u00f1a y ser\u00e1 \u00fanica para cada solicitud y alumno. Las personas que no disponen de DNI, NIE o no tienen acceso a medios electr\u00f3nicos podr\u00e1n realizar el procedimiento de manera presencial en los centros educativos de primera opci\u00f3n.<\/p>\n\n\n\n<p>A partir del 8 de junio y hasta el d\u00eda 16 del mismo mes, se podr\u00e1 presentar la solicitud de admisi\u00f3n telem\u00e1ticamente para los cursos de Infantil y Primaria, y el 1 de julio se publicar\u00e1n las listas provisionales de admitidos. Por su parte, para el resto de las etapas, el plazo de solicitud ser\u00e1 del 17 al 25 de junio y las listas provisionales de admitidos se publicar\u00e1n el 15 de julio para Secundaria y Bachillerato, el d\u00eda 13 para Formaci\u00f3n Profesional B\u00e1sica y el d\u00eda 20 para los Ciclos Formativos de grado Medio y Superior.<\/p>\n\n\n\n<p>La concejala de Educaci\u00f3n, Eva Santaf\u00e9, ha explicado que el Ayuntamiento asistir\u00e1 a todas las familias que lo necesiten durante el procedimiento, con el objetivo de garantizar la prestaci\u00f3n del servicio, el derecho a la educaci\u00f3n y el ejercicio real de la libertad de elecci\u00f3n de centro, especialmente en este contexto telem\u00e1tico que nos impone la pandemia provocada por el Covid-19.<br><\/p>\n","protected":false},"excerpt":{"rendered":"<div class=\"mh-excerpt\">La concejal\u00eda de Educaci\u00f3n ha editado un dossier para asistir en el procedimiento a padres y madres de los nuevos alumnos de 3 a\u00f1os El procedimiento de admisi\u00f3n y matriculaci\u00f3n del alumnado para el curso <a class=\"mh-excerpt-more\" href=\"https:\/\/www.tucomarca.com\/wordpress\/segunda\/las-nuevas-escolarizaciones-en-los-centros-de-leliana-se-realizaran-telematicamente-a-partir-del-8-de-junio\/\" title=\"Las nuevas escolarizaciones en los centros de l\u2019Eliana se realizar\u00e1n telem\u00e1ticamente a partir del 8 de junio\">[+] <\/a><\/div>\n","protected":false},"author":12,"featured_media":107355,"comment_status":"open","ping_status":"open","sticky":false,"template":"","format":"standard","meta":{"footnotes":""},"categories":[4,46,119,128,177,8,7,142,3,116],"tags":[10395,11937,11938,11951,12184,10433,12183],"class_list":{"0":"post-107351","1":"post","2":"type-post","3":"status-publish","4":"format-standard","5":"has-post-thumbnail","7":"category-agenda","8":"category-camp-de-turia","9":"category-sanidad-la-comarca","10":"category-infraestructuras","11":"category-leliana","12":"category-la-comarca","13":"category-ocio-y-cultura","14":"category-politica-la-comarca","15":"category-seccion","16":"category-sucesos-la-comarca","17":"tag-camp-de-turia","18":"tag-coronavirus","19":"tag-covid-19","20":"tag-covid2019","21":"tag-curso-2020-2021","22":"tag-leliana","23":"tag-matricula-telematica"},"_links":{"self":[{"href":"https:\/\/www.tucomarca.com\/wordpress\/segunda\/wp-json\/wp\/v2\/posts\/107351","targetHints":{"allow":["GET"]}}],"collection":[{"href":"https:\/\/www.tucomarca.com\/wordpress\/segunda\/wp-json\/wp\/v2\/posts"}],"about":[{"href":"https:\/\/www.tucomarca.com\/wordpress\/segunda\/wp-json\/wp\/v2\/types\/post"}],"author":[{"embeddable":true,"href":"https:\/\/www.tucomarca.com\/wordpress\/segunda\/wp-json\/wp\/v2\/users\/12"}],"replies":[{"embeddable":true,"href":"https:\/\/www.tucomarca.com\/wordpress\/segunda\/wp-json\/wp\/v2\/comments?post=107351"}],"version-history":[{"count":0,"href":"https:\/\/www.tucomarca.com\/wordpress\/segunda\/wp-json\/wp\/v2\/posts\/107351\/revisions"}],"wp:featuredmedia":[{"embeddable":true,"href":"https:\/\/www.tucomarca.com\/wordpress\/segunda\/wp-json\/wp\/v2\/media\/107355"}],"wp:attachment":[{"href":"https:\/\/www.tucomarca.com\/wordpress\/segunda\/wp-json\/wp\/v2\/media?parent=107351"}],"wp:term":[{"taxonomy":"category","embeddable":true,"href":"https:\/\/www.tucomarca.com\/wordpress\/segunda\/wp-json\/wp\/v2\/categories?post=107351"},{"taxonomy":"post_tag","embeddable":true,"href":"https:\/\/www.tucomarca.com\/wordpress\/segunda\/wp-json\/wp\/v2\/tags?post=107351"}],"curies":[{"name":"wp","href":"https:\/\/api.w.org\/{rel}","templated":true}]}}