{"id":107400,"date":"2020-05-28T20:23:04","date_gmt":"2020-05-28T18:23:04","guid":{"rendered":"http:\/\/www.tucomarca.com\/wordpress\/segunda\/?p=107400"},"modified":"2020-05-28T20:28:11","modified_gmt":"2020-05-28T18:28:11","slug":"solo-once-municipios-de-la-comunitat-valenciana-han-notificado-cinco-o-mas-casos-de-coronavirus-en-los-ultimos-14-dias","status":"publish","type":"post","link":"https:\/\/www.tucomarca.com\/wordpress\/segunda\/solo-once-municipios-de-la-comunitat-valenciana-han-notificado-cinco-o-mas-casos-de-coronavirus-en-los-ultimos-14-dias\/","title":{"rendered":"Solo once municipios de la Comunitat Valenciana han notificado cinco o m\u00e1s casos de coronavirus en los \u00faltimos 14 d\u00edas"},"content":{"rendered":"\n<p><strong class=\"\">Sanidad ofrece los datos por municipios de la incidencia de coronavirus en la Comunitat Valenciana<\/strong><\/p>\n\n\n\n<p><strong class=\"\">Se publicar\u00e1n en la p\u00e1gina web de la conselleria y mostrar\u00e1n el n\u00famero acumulado de casos y la incidencia de los \u00faltimos 14 d\u00edas<\/strong><\/p>\n\n\n\n<p>La Conselleria de Sanidad Universal y Salud P\u00fablica ofrece a partir de este jueves los datos por municipios de la incidencia de coronavirus en la Comunitat Valenciana.&nbsp;<\/p>\n\n\n\n<p>Los datos se publicar\u00e1n en la p\u00e1gina web de la Conselleria y se ofrecer\u00e1 informaci\u00f3n del total de casos positivos acumulados, diagnosticados a trav\u00e9s de PCR y su tasa de incidencia. Adem\u00e1s, se incluir\u00e1 el n\u00famero de casos positivos de los \u00faltimos 14 d\u00edas y la tasa de incidencia en cada poblaci\u00f3n en este periodo, mostrando as\u00ed la incidencia actual de la pandemia. En este apartado se mostrar\u00e1 tambi\u00e9n el n\u00famero de fallecidos por coronavirus en cada localidad y la tasa en funci\u00f3n del n\u00famero de habitantes. De este modo, se pretende ofrecer un an\u00e1lisis tanto diacr\u00f3nico, con los datos acumulados desde el inicio de la pandemia, como sincr\u00f3nico, es decir, con la visualizaci\u00f3n de la incidencia del coronavirus en la actualidad en cada municipio.\u00a0<\/p>\n\n\n\n<p><strong>Criterios para la publicaci\u00f3n de los datos<\/strong><\/p>\n\n\n\n<p>Se ha considerado como ubicaci\u00f3n m\u00e1s fiable para visualizar el impacto del COVID-19 en la Comunitat Valenciana aquella que se conoce como ubicaci\u00f3n de riesgo, es decir, la que figura en la encuesta epidemiol\u00f3gica para hacer un seguimiento del virus y las actuaciones pertinentes en materia de salud p\u00fablica. Esta informaci\u00f3n de ubicaci\u00f3n de riesgo puede diferir, en contadas ocasiones, con la ubicaci\u00f3n de residencia de los casos, informaci\u00f3n que se obtiene a trav\u00e9s de los datos que figuran en el SIP y que, en algunas ocasiones, no se corresponde ni con el lugar de contagio ni con la permanencia de dicho caso a lo largo de la enfermedad.&nbsp;<\/p>\n\n\n\n<p>As\u00ed pues, se considera que es m\u00e1s apropiado usar la ubicaci\u00f3n de riesgo para guiar mejor las actuaciones a realizar, tanto en vigilancia epidemiol\u00f3gica como en control de la infecci\u00f3n y, por lo tanto, permite ofrecer a la ciudadan\u00eda una visi\u00f3n m\u00e1s ajustada de la incidencia del virus a lo largo de todo el territorio de la Comunitat Valenciana.&nbsp;<\/p>\n\n\n\n<p>Los datos se ofrecer\u00e1n peri\u00f3dicamente, si bien necesitar\u00e1n un decalaje de entre 24 y 48 horas para ser cargados en la p\u00e1gina web con mayor fiabilidad. No obstante, es necesario recalcar que los datos con gran nivel de desagregaci\u00f3n, como sucede con los municipios y tambi\u00e9n con los departamentos, son muy sensibles a cualquier m\u00ednima variaci\u00f3n que se puede producir debido a varias causas (retrasos en la notificaci\u00f3n, ajustes de resultados de laboratorios, asignaci\u00f3n de casos desconocidos o mayor definici\u00f3n en la informaci\u00f3n de las encuestas), por lo que pueden producirse peque\u00f1as variaciones que necesitan ser verificadas para trasladar la informaci\u00f3n de la forma m\u00e1s veraz posible. De este modo, el intervalo de actualizaci\u00f3n permite la reasignaci\u00f3n de casos acumulados totales y casos acumulados en los \u00faltimos 14 d\u00edas en el 99,95% de los casos.&nbsp;<\/p>\n\n\n\n<p>Estos datos son, como hasta ahora, visibles gracias a la colaboraci\u00f3n con el Institut Cartogr\u00e1fic Valenci\u00e0, dependiente de la conselleria de Pol\u00edtica Territorial, Obras P\u00fablicas y Movilidad, y los ficheros se pueden descargar en la p\u00e1gina web de GVA Oberta.&nbsp;<\/p>\n\n\n\n<p><strong>Solo 11 municipios con 5 o m\u00e1s casos en los \u00faltimos 14 d\u00edas<\/strong><\/p>\n\n\n\n<p>Entre los datos que se desprenden de la publicaci\u00f3n por municipios, se puede observar que solo 11 municipios de toda la Comunitat Valenciana han notificado cinco o m\u00e1s casos de coronavirus en los \u00faltimos 14 d\u00edas, lo que representa solo el 2%.<\/p>\n\n\n\n<p>Por otro lado, 454 municipios (el 84% del total), no ha registrado casos en los \u00faltimos 14 d\u00edas.<\/p>\n\n\n\n<p><\/p>\n","protected":false},"excerpt":{"rendered":"<div class=\"mh-excerpt\">Sanidad ofrece los datos por municipios de la incidencia de coronavirus en la Comunitat Valenciana Se publicar\u00e1n en la p\u00e1gina web de la conselleria y mostrar\u00e1n el n\u00famero acumulado de casos y la incidencia de <a class=\"mh-excerpt-more\" href=\"https:\/\/www.tucomarca.com\/wordpress\/segunda\/solo-once-municipios-de-la-comunitat-valenciana-han-notificado-cinco-o-mas-casos-de-coronavirus-en-los-ultimos-14-dias\/\" title=\"Solo once municipios de la Comunitat Valenciana han notificado cinco o m\u00e1s casos de coronavirus en los \u00faltimos 14 d\u00edas\">[+] <\/a><\/div>\n","protected":false},"author":12,"featured_media":107402,"comment_status":"open","ping_status":"open","sticky":false,"template":"","format":"standard","meta":{"footnotes":""},"categories":[119,128,8,72,117,142,3,116,45],"tags":[10635,11937,11938,11951],"class_list":{"0":"post-107400","1":"post","2":"type-post","3":"status-publish","4":"format-standard","5":"has-post-thumbnail","7":"category-sanidad-la-comarca","8":"category-infraestructuras","9":"category-la-comarca","10":"category-sin-categorizar","11":"category-medio-ambiente-la-comarca","12":"category-politica-la-comarca","13":"category-seccion","14":"category-sucesos-la-comarca","15":"category-ventana","16":"tag-conselleria-de-sanitat","17":"tag-coronavirus","18":"tag-covid-19","19":"tag-covid2019"},"_links":{"self":[{"href":"https:\/\/www.tucomarca.com\/wordpress\/segunda\/wp-json\/wp\/v2\/posts\/107400","targetHints":{"allow":["GET"]}}],"collection":[{"href":"https:\/\/www.tucomarca.com\/wordpress\/segunda\/wp-json\/wp\/v2\/posts"}],"about":[{"href":"https:\/\/www.tucomarca.com\/wordpress\/segunda\/wp-json\/wp\/v2\/types\/post"}],"author":[{"embeddable":true,"href":"https:\/\/www.tucomarca.com\/wordpress\/segunda\/wp-json\/wp\/v2\/users\/12"}],"replies":[{"embeddable":true,"href":"https:\/\/www.tucomarca.com\/wordpress\/segunda\/wp-json\/wp\/v2\/comments?post=107400"}],"version-history":[{"count":0,"href":"https:\/\/www.tucomarca.com\/wordpress\/segunda\/wp-json\/wp\/v2\/posts\/107400\/revisions"}],"wp:featuredmedia":[{"embeddable":true,"href":"https:\/\/www.tucomarca.com\/wordpress\/segunda\/wp-json\/wp\/v2\/media\/107402"}],"wp:attachment":[{"href":"https:\/\/www.tucomarca.com\/wordpress\/segunda\/wp-json\/wp\/v2\/media?parent=107400"}],"wp:term":[{"taxonomy":"category","embeddable":true,"href":"https:\/\/www.tucomarca.com\/wordpress\/segunda\/wp-json\/wp\/v2\/categories?post=107400"},{"taxonomy":"post_tag","embeddable":true,"href":"https:\/\/www.tucomarca.com\/wordpress\/segunda\/wp-json\/wp\/v2\/tags?post=107400"}],"curies":[{"name":"wp","href":"https:\/\/api.w.org\/{rel}","templated":true}]}}