{"id":107477,"date":"2020-05-29T20:37:16","date_gmt":"2020-05-29T18:37:16","guid":{"rendered":"http:\/\/www.tucomarca.com\/wordpress\/segunda\/?p=107477"},"modified":"2020-05-29T20:37:18","modified_gmt":"2020-05-29T18:37:18","slug":"se-reabre-en-requena-la-pista-de-atletismo-y-las-de-tenis-padel-y-fronton","status":"publish","type":"post","link":"https:\/\/www.tucomarca.com\/wordpress\/segunda\/se-reabre-en-requena-la-pista-de-atletismo-y-las-de-tenis-padel-y-fronton\/","title":{"rendered":"Se reabre en Requena la pista de atletismo y las de tenis, p\u00e1del y front\u00f3n"},"content":{"rendered":"\n<p><strong>El uso de las instalaciones se realizar\u00e1 mediante cita previa. Debido a la limitaci\u00f3n de aforo, se ampl\u00eda el horario de las mismas<\/strong><\/p>\n\n\n\n<p>A partir de este viernes 29 de mayo el Ayuntamiento de Requena reabre la pista de atletismo, as\u00ed como tambi\u00e9n las pistas de tenis, p\u00e1del y front\u00f3n.<\/p>\n\n\n\n<p>Hasta ahora, estas instalaciones deportivas hab\u00edan permanecido cerradas por prudencia ante el COVID-19 y por la imposibilidad de que pudieran ser disfrutadas de manera \u00f3ptima, algo que cambia ahora con las nuevas normas de seguridad decretadas por las autoridades sanitarias.<\/p>\n\n\n\n<p>Se debe tener en cuenta que para usar las pistas hay que solicitar cita previa con anterioridad.<\/p>\n\n\n\n<p>Adem\u00e1s, para mejorar la oferta disponible y debido a la limitaci\u00f3n de aforo, se ha decidido ampliar su horario, que se establece de la siguiente manera:<\/p>\n\n\n\n<ul class=\"wp-block-list\"><li>La pista de atletismo estar\u00e1 operativa de lunes a viernes de 09:00 a 15:00 horas y de 17:00 a 22:00 horas.<\/li><li>Los s\u00e1bados de 09:00 a 13:00 horas y de 18:00 a 22:00 horas.<\/li><li>Y los domingos de 09:00 a 13:00 horas.<\/li><li>Para reservarla, hay que llamar al n\u00famero de tel\u00e9fono 96 230 05 13 en el horario indicado anteriormente.<\/li><li>Aforo: 3 usuarios (calles 1, 3 y 6).<\/li><\/ul>\n\n\n\n<p>Por lo que respecta al horario de las pistas de Tenis, p\u00e1del y front\u00f3n, ser\u00e1 el siguiente:<\/p>\n\n\n\n<ul class=\"wp-block-list\"><li>De lunes a viernes, de 9:00 a 15:00 horas y de 16:30 a 23:30 horas.<\/li><li>S\u00e1bados, de 9:00 a 14:00 horas y de 16:00 a 22:00 horas.<\/li><li>Domingos, de 9:00 a 15:00 horas.<\/li><li>Reservas, a trav\u00e9s de la web www.requena.es\/es\/reserva-pistas   y desde la aplicaci\u00f3n para m\u00f3viles del Ayuntamiento de Requena.<\/li><li>Aforo: 2 usuarios por pista (1 vs 1). Los usuarios pueden ir acompa\u00f1ados de un entrenador, que deber\u00e1 mostrar su licencia.<\/li><\/ul>\n\n\n\n<p>Otras consideraciones a tener en cuenta:<\/p>\n\n\n\n<ul class=\"wp-block-list\"><li>El \u00fanico acceso al polideportivo disponible ser\u00e1 por la entrada de Calle Albacete.<\/li><li>Se ruega puntualidad.<\/li><li>Es obligatorio el uso de mascarilla hasta el inicio de la actividad deportiva.<\/li><li>Ser\u00e1 necesario identificarse en la entrada.<\/li><li>No se podr\u00e1n utilizar ni ba\u00f1os ni vestuarios, y tampoco se podr\u00e1 beber agua de las fuentes.<\/li><li>Se dispone de un manual de normas de uso a disposici\u00f3n del usuario, que podr\u00e1 solicitarlo ya en las instalaciones deportivas o consultarlo descarg\u00e1ndolo previamente en esta misma p\u00e1gina.<br><\/li><\/ul>\n","protected":false},"excerpt":{"rendered":"<div class=\"mh-excerpt\">El uso de las instalaciones se realizar\u00e1 mediante cita previa. Debido a la limitaci\u00f3n de aforo, se ampl\u00eda el horario de las mismas A partir de este viernes 29 de mayo el Ayuntamiento de Requena <a class=\"mh-excerpt-more\" href=\"https:\/\/www.tucomarca.com\/wordpress\/segunda\/se-reabre-en-requena-la-pista-de-atletismo-y-las-de-tenis-padel-y-fronton\/\" title=\"Se reabre en Requena la pista de atletismo y las de tenis, p\u00e1del y front\u00f3n\">[+] <\/a><\/div>\n","protected":false},"author":12,"featured_media":107482,"comment_status":"open","ping_status":"open","sticky":false,"template":"","format":"standard","meta":{"footnotes":""},"categories":[98,119,6,128,8,199,142,28,27,3,116],"tags":[2850,2907,11937,11938],"class_list":{"0":"post-107477","1":"post","2":"type-post","3":"status-publish","4":"format-standard","5":"has-post-thumbnail","7":"category-atletismo","8":"category-sanidad-la-comarca","9":"category-deportes","10":"category-infraestructuras","11":"category-la-comarca","12":"category-polideportivo","13":"category-politica-la-comarca","14":"category-requena","15":"category-requena-utiel","16":"category-seccion","17":"category-sucesos-la-comarca","18":"tag-ayuntamiento-de-requena","19":"tag-comarca-requena-utiel","20":"tag-coronavirus","21":"tag-covid-19"},"_links":{"self":[{"href":"https:\/\/www.tucomarca.com\/wordpress\/segunda\/wp-json\/wp\/v2\/posts\/107477","targetHints":{"allow":["GET"]}}],"collection":[{"href":"https:\/\/www.tucomarca.com\/wordpress\/segunda\/wp-json\/wp\/v2\/posts"}],"about":[{"href":"https:\/\/www.tucomarca.com\/wordpress\/segunda\/wp-json\/wp\/v2\/types\/post"}],"author":[{"embeddable":true,"href":"https:\/\/www.tucomarca.com\/wordpress\/segunda\/wp-json\/wp\/v2\/users\/12"}],"replies":[{"embeddable":true,"href":"https:\/\/www.tucomarca.com\/wordpress\/segunda\/wp-json\/wp\/v2\/comments?post=107477"}],"version-history":[{"count":0,"href":"https:\/\/www.tucomarca.com\/wordpress\/segunda\/wp-json\/wp\/v2\/posts\/107477\/revisions"}],"wp:featuredmedia":[{"embeddable":true,"href":"https:\/\/www.tucomarca.com\/wordpress\/segunda\/wp-json\/wp\/v2\/media\/107482"}],"wp:attachment":[{"href":"https:\/\/www.tucomarca.com\/wordpress\/segunda\/wp-json\/wp\/v2\/media?parent=107477"}],"wp:term":[{"taxonomy":"category","embeddable":true,"href":"https:\/\/www.tucomarca.com\/wordpress\/segunda\/wp-json\/wp\/v2\/categories?post=107477"},{"taxonomy":"post_tag","embeddable":true,"href":"https:\/\/www.tucomarca.com\/wordpress\/segunda\/wp-json\/wp\/v2\/tags?post=107477"}],"curies":[{"name":"wp","href":"https:\/\/api.w.org\/{rel}","templated":true}]}}