{"id":107550,"date":"2020-06-01T15:25:24","date_gmt":"2020-06-01T13:25:24","guid":{"rendered":"http:\/\/www.tucomarca.com\/wordpress\/segunda\/?p=107550"},"modified":"2020-06-01T15:25:27","modified_gmt":"2020-06-01T13:25:27","slug":"comienza-el-proceso-de-admision-y-matricula-de-las-escuelas-infantiles-municipales-de-requena-para-2020-2021","status":"publish","type":"post","link":"https:\/\/www.tucomarca.com\/wordpress\/segunda\/comienza-el-proceso-de-admision-y-matricula-de-las-escuelas-infantiles-municipales-de-requena-para-2020-2021\/","title":{"rendered":"Comienza el proceso de admisi\u00f3n y matr\u00edcula de las Escuelas Infantiles Municipales de Requena para 2020-2021"},"content":{"rendered":"\n<p><strong>El plazo se abre este lunes 1 de junio de 2020 y finaliza el viernes 5 de junio<\/strong><\/p>\n\n\n\n<p>Durante el mes de junio de 2020 se va a llevar a cabo el proceso de admisi\u00f3n y matr\u00edcula de las Escuelas Infantiles Municipales de Requena.<\/p>\n\n\n\n<p>De esta manera, el plazo de solicitud de matr\u00edcula se realizar\u00e1 desde las 9h del d\u00eda 1 de junio hasta las 23:59h del d\u00eda 5 de junio y se podr\u00e1 realizar de estos dos modos:<\/p>\n\n\n\n<ol class=\"wp-block-list\"><li>Telem\u00e1ticamente para las familias que tengan certificado digital (recomendable) a trav\u00e9s de la sede electr\u00f3nica del Ayuntamiento de Requena (se puede acceder al tutorial con la explicaci\u00f3n de los pasos a seguir en la web del Ayuntamiento de Requena, \u00e1reas, educaci\u00f3n, escuela infantil municipal). Se har\u00eda una instancia general a la que se a\u00f1adir\u00eda la solicitud y declaraci\u00f3n responsable, la declaraci\u00f3n de la renta de la unidad familiar del ejercicio 2018 y la renta valenciana de inclusi\u00f3n.<\/li><li>Presencialmente por Registro de Entrada del Ayuntamiento de Requena, oficina SAT con cita previa, donde deber\u00e1 presentarse una instancia general a la que se a\u00f1adir\u00eda la solicitud y declaraci\u00f3n responsable, la declaraci\u00f3n de la renta de la unidad familiar del ejerecicio 2018 y la renta valenciana de inclusi\u00f3n. Para solicitar la cita previa, existen dos opciones:<\/li><\/ol>\n\n\n\n<ul class=\"wp-block-list\"><li>Enviar un correo a <a href=\"mailto:sat@requena.es\">sat@requena.es<\/a> indicando nombre y apellidos, el tr\u00e1mite que se quiere realizar y un n\u00famero de tel\u00e9fono para ser citado.<\/li><li>O bien, llamar al n\u00famero de tel\u00e9fono 96 230 14 00 y marcar posteriormente la extensi\u00f3n 2007 .<\/li><\/ul>\n\n\n\n<p>Las personas interesadas formular\u00e1n una \u00fanica solicitud utilizando el modelo oficial que se encuentra en esta misma web<\/p>\n\n\n\n<p><a href=\"http:\/\/www.requena.es\/es\/page\/escuelas-infantiles-municipales\">http:\/\/www.requena.es\/es\/page\/escuelas-infantiles-municipales<\/a><\/p>\n\n\n\n<p>en la que se recomienda hagan constar las dos opciones de escuela ordenadas por prioridad.<\/p>\n\n\n\n<p>Junto a la solicitud se deber\u00e1n aportar los documentos acreditativos de la renta de la unidad familiar del ejercicio 2018 y la renta valenciana de inclusi\u00f3n.<\/p>\n\n\n\n<p>Las solicitudes y la documentaci\u00f3n aportada con posterioridad a la fecha establecida no ser\u00e1 tenida en cuenta en la baremaci\u00f3n.<\/p>\n\n\n\n<p>En caso de dudas o aclaraciones pueden ponerse en contacto con el Gabinete Psicopedag\u00f3gico Municipal en el correo electr\u00f3nico <a href=\"mailto:gabinetepsicopedagogico@requena.es\">gabinetepsicopedagogico@requena.es<\/a> o en el tel\u00e9fono 662.681.622<\/p>\n\n\n\n<p>CALENDARIO<\/p>\n\n\n\n<ul class=\"wp-block-list\"><li>Desde las 9h del 1 de junio hasta las 23:59h del 5 de junio: Presentaci\u00f3n de solicitudes de matr\u00edcula&nbsp; y documentaci\u00f3n<\/li><li>11 de junio: Publicaci\u00f3n de listas provisionales en las Escuelas Infantiles y\/o en el SAT<\/li><li>11 y 12 de junio hasta las 14:00h: Reclamaciones a las listas provisionales&nbsp; telem\u00e1ticamente a trav\u00e9s de la sede electr\u00f3nica del Ayuntamiento de Requena (tutorial con la explicaci\u00f3n de los pasos a seguir en la web del Ayuntamiento de Requena, \u00e1reas, educaci\u00f3n, escuela infantil municipal) o bien&nbsp; presencialmente por Registro de Entrada del Ayuntamiento de Requena, oficina SAT con cita previa. Se har\u00eda una instancia general exponiendo los motivos de la reclamaci\u00f3n.<\/li><li>15 de junio: Publicaci\u00f3n de las listas definitivas en las Escuelas Infantiles y\/o en el SAT.<\/li><li>15 y 16 de junio hasta las 14:00h: Reclamaciones a las listas definitivas&nbsp; telem\u00e1ticamente a trav\u00e9s de la sede electr\u00f3nica del Ayuntamiento de Requena (se puede acceder al tutorial con la explicaci\u00f3n de los pasos a seguir en la web del Ayuntamiento de Requena, \u00e1reas, educaci\u00f3n, escuela infantil municipal) o bien&nbsp; presencialmente por Registro de Entrada del Ayuntamiento de Requena, oficina SAT con cita previa. Se har\u00eda una instancia general exponiendo los motivos de la reclamaci\u00f3n.<\/li><li>17, 18 y 19 de junio: Formalizaci\u00f3n de matr\u00edculas en las Escuelas Infantiles.<\/li><li>22 de junio: Oferta de plazas por vacantes.<\/li><li>22 y 23 de junio: Formalizaci\u00f3n matr\u00edculas por vacante, en las Escuelas Infantiles.<\/li><li>25 junio: Publicaci\u00f3n de las listas de espera en las Escuelas Infantiles y\/o en el SAT.<\/li><\/ul>\n","protected":false},"excerpt":{"rendered":"<div class=\"mh-excerpt\">El plazo se abre este lunes 1 de junio de 2020 y finaliza el viernes 5 de junio Durante el mes de junio de 2020 se va a llevar a cabo el proceso de admisi\u00f3n <a class=\"mh-excerpt-more\" href=\"https:\/\/www.tucomarca.com\/wordpress\/segunda\/comienza-el-proceso-de-admision-y-matricula-de-las-escuelas-infantiles-municipales-de-requena-para-2020-2021\/\" title=\"Comienza el proceso de admisi\u00f3n y matr\u00edcula de las Escuelas Infantiles Municipales de Requena para 2020-2021\">[+] <\/a><\/div>\n","protected":false},"author":12,"featured_media":107552,"comment_status":"open","ping_status":"open","sticky":false,"template":"","format":"standard","meta":{"footnotes":""},"categories":[128,8,142,28,27,3],"tags":[2850,2907],"class_list":{"0":"post-107550","1":"post","2":"type-post","3":"status-publish","4":"format-standard","5":"has-post-thumbnail","7":"category-infraestructuras","8":"category-la-comarca","9":"category-politica-la-comarca","10":"category-requena","11":"category-requena-utiel","12":"category-seccion","13":"tag-ayuntamiento-de-requena","14":"tag-comarca-requena-utiel"},"_links":{"self":[{"href":"https:\/\/www.tucomarca.com\/wordpress\/segunda\/wp-json\/wp\/v2\/posts\/107550","targetHints":{"allow":["GET"]}}],"collection":[{"href":"https:\/\/www.tucomarca.com\/wordpress\/segunda\/wp-json\/wp\/v2\/posts"}],"about":[{"href":"https:\/\/www.tucomarca.com\/wordpress\/segunda\/wp-json\/wp\/v2\/types\/post"}],"author":[{"embeddable":true,"href":"https:\/\/www.tucomarca.com\/wordpress\/segunda\/wp-json\/wp\/v2\/users\/12"}],"replies":[{"embeddable":true,"href":"https:\/\/www.tucomarca.com\/wordpress\/segunda\/wp-json\/wp\/v2\/comments?post=107550"}],"version-history":[{"count":0,"href":"https:\/\/www.tucomarca.com\/wordpress\/segunda\/wp-json\/wp\/v2\/posts\/107550\/revisions"}],"wp:featuredmedia":[{"embeddable":true,"href":"https:\/\/www.tucomarca.com\/wordpress\/segunda\/wp-json\/wp\/v2\/media\/107552"}],"wp:attachment":[{"href":"https:\/\/www.tucomarca.com\/wordpress\/segunda\/wp-json\/wp\/v2\/media?parent=107550"}],"wp:term":[{"taxonomy":"category","embeddable":true,"href":"https:\/\/www.tucomarca.com\/wordpress\/segunda\/wp-json\/wp\/v2\/categories?post=107550"},{"taxonomy":"post_tag","embeddable":true,"href":"https:\/\/www.tucomarca.com\/wordpress\/segunda\/wp-json\/wp\/v2\/tags?post=107550"}],"curies":[{"name":"wp","href":"https:\/\/api.w.org\/{rel}","templated":true}]}}