{"id":107807,"date":"2020-06-02T20:12:26","date_gmt":"2020-06-02T18:12:26","guid":{"rendered":"http:\/\/www.tucomarca.com\/wordpress\/segunda\/?p=107807"},"modified":"2020-06-02T20:12:43","modified_gmt":"2020-06-02T18:12:43","slug":"la-pobla-de-vallbona-suspende-las-fiestas-hasta-octubre","status":"publish","type":"post","link":"https:\/\/www.tucomarca.com\/wordpress\/segunda\/la-pobla-de-vallbona-suspende-las-fiestas-hasta-octubre\/","title":{"rendered":"La Pobla de Vallbona suspende las fiestas hasta octubre"},"content":{"rendered":"\n<p><strong>Se cancela el XIII Festival Cebolla-rock y el I Certamen Internacional de Bandas de M\u00fasica Vila de la Pobla de Vallbona<\/strong><\/p>\n\n\n\n<p><strong>La Clavar\u00eda de la III Caseta de la Virgen del Rosario pospone la celebraci\u00f3n del 50 aniversario a 2021<\/strong><\/p>\n\n\n\n<p>La Pobla de Vallbona de Vallbona suspender\u00e1 todos los grandes actos de las fiestas hasta el mes de octubre. Ante la situaci\u00f3n creada por la pandemia de COVID19 y las medidas de protecci\u00f3n que impiden organizar actos multitudinarios, el consistorio ha optado para anular los principales actos programados en los pr\u00f3ximos meses en la localidad.<\/p>\n\n\n\n<p>El primer acto afectado es el XIII Festival Ceba-rock previsto para el pr\u00f3ximo 20 de junio y que en esta edici\u00f3n contaba con la presencia de Xavi Sarri\u00e0, la Fumiga, Tenda y el grupo local Aspart. El festival que da la bienvenida en verano se cancela dada la imposibilidad de juntar los centenares de personas que cada a\u00f1o concentra este evento.<\/p>\n\n\n\n<p>Del mismo modo el Ayuntamiento de la Pobla ha anulado los principales actos previstos para las fiestas de verano entre los que destacaba la orquesta Montecarlo que cada a\u00f1o llena el parque municipal.&nbsp;<\/p>\n\n\n\n<p>Tambi\u00e9n se aplaza para 2021 la celebraci\u00f3n del I Certamen Internacional de Bandas de M\u00fasica Vila de la Pobla de Vallbona que el consistorio estaba organizando de manera conjunta con la Corporaci\u00f3n Musical.<\/p>\n\n\n\n<p>En consenso con la iglesia y los representantes de las tres casetas de las Clavar\u00edas de la Virgen del Rosario y ante la imposibilidad de celebrar con normalidad unos actos de la importancia de las fiestas patronales, se cancelan las celebraciones de este a\u00f1o. La Clavar\u00eda de la III Caseta, encargada de celebrar este a\u00f1o las fiestas, trasladar\u00e1 la celebraci\u00f3n de su 50 aniversario al pr\u00f3ximo a\u00f1o.<\/p>\n\n\n\n<p>Por \u00faltimo, se anulan los preparativos de la Feria Medieval, las recreaciones hist\u00f3ricas y el Desfile C\u00edvico de las Fiestas del 9 de Octubre.&nbsp;<\/p>\n\n\n\n<p>Aun as\u00ed, desde el Ayuntamiento no se descarta organizar actos extraordinarios alternativos para celebrar las fechas m\u00e1s se\u00f1aladas en el calendario festivo de la localidad de acuerdo con las medidas de seguridad establecidas en cada momento por las autoridades sanitarias.<\/p>\n","protected":false},"excerpt":{"rendered":"<div class=\"mh-excerpt\">Se cancela el XIII Festival Cebolla-rock y el I Certamen Internacional de Bandas de M\u00fasica Vila de la Pobla de Vallbona La Clavar\u00eda de la III Caseta de la Virgen del Rosario pospone la celebraci\u00f3n <a class=\"mh-excerpt-more\" href=\"https:\/\/www.tucomarca.com\/wordpress\/segunda\/la-pobla-de-vallbona-suspende-las-fiestas-hasta-octubre\/\" title=\"La Pobla de Vallbona suspende las fiestas hasta octubre\">[+] <\/a><\/div>\n","protected":false},"author":12,"featured_media":107810,"comment_status":"open","ping_status":"open","sticky":false,"template":"","format":"standard","meta":{"footnotes":""},"categories":[46,119,12201,128,8,174,142,383,3,116],"tags":[10633,10395,11937,11938],"class_list":{"0":"post-107807","1":"post","2":"type-post","3":"status-publish","4":"format-standard","5":"has-post-thumbnail","7":"category-camp-de-turia","8":"category-sanidad-la-comarca","9":"category-covid-19","10":"category-infraestructuras","11":"category-la-comarca","12":"category-la-pobla","13":"category-politica-la-comarca","14":"category-pueblos-en-fiestas","15":"category-seccion","16":"category-sucesos-la-comarca","17":"tag-ajuntament-de-la-pobla-de-vallbona","18":"tag-camp-de-turia","19":"tag-coronavirus","20":"tag-covid-19"},"_links":{"self":[{"href":"https:\/\/www.tucomarca.com\/wordpress\/segunda\/wp-json\/wp\/v2\/posts\/107807","targetHints":{"allow":["GET"]}}],"collection":[{"href":"https:\/\/www.tucomarca.com\/wordpress\/segunda\/wp-json\/wp\/v2\/posts"}],"about":[{"href":"https:\/\/www.tucomarca.com\/wordpress\/segunda\/wp-json\/wp\/v2\/types\/post"}],"author":[{"embeddable":true,"href":"https:\/\/www.tucomarca.com\/wordpress\/segunda\/wp-json\/wp\/v2\/users\/12"}],"replies":[{"embeddable":true,"href":"https:\/\/www.tucomarca.com\/wordpress\/segunda\/wp-json\/wp\/v2\/comments?post=107807"}],"version-history":[{"count":0,"href":"https:\/\/www.tucomarca.com\/wordpress\/segunda\/wp-json\/wp\/v2\/posts\/107807\/revisions"}],"wp:featuredmedia":[{"embeddable":true,"href":"https:\/\/www.tucomarca.com\/wordpress\/segunda\/wp-json\/wp\/v2\/media\/107810"}],"wp:attachment":[{"href":"https:\/\/www.tucomarca.com\/wordpress\/segunda\/wp-json\/wp\/v2\/media?parent=107807"}],"wp:term":[{"taxonomy":"category","embeddable":true,"href":"https:\/\/www.tucomarca.com\/wordpress\/segunda\/wp-json\/wp\/v2\/categories?post=107807"},{"taxonomy":"post_tag","embeddable":true,"href":"https:\/\/www.tucomarca.com\/wordpress\/segunda\/wp-json\/wp\/v2\/tags?post=107807"}],"curies":[{"name":"wp","href":"https:\/\/api.w.org\/{rel}","templated":true}]}}