{"id":10792,"date":"2013-01-23T17:54:16","date_gmt":"2013-01-23T16:54:16","guid":{"rendered":"http:\/\/www.tucomarca.com\/wordpress\/segunda\/?p=10792"},"modified":"2013-01-23T17:54:16","modified_gmt":"2013-01-23T16:54:16","slug":"la-pobla-de-vallbona-incorpora-la-red-wimax-mas-completa-de-europa","status":"publish","type":"post","link":"https:\/\/www.tucomarca.com\/wordpress\/segunda\/la-pobla-de-vallbona-incorpora-la-red-wimax-mas-completa-de-europa\/","title":{"rendered":"La Pobla de Vallbona incorpora la red Wimax m\u00e1s completa de Europa"},"content":{"rendered":"<p>La Pobla de Vallbona implantar\u00e1 la red wimax m\u00e1s completa de Europa. El Ayuntamiento se ha adherido al programa Sona Wifi, un proyecto iniciado en 2010 por la Diputaci\u00f3n de Valencia y que llega ahora a su \u00faltima fase.<\/p>\n<p>La Pobla ya es de esta manera, uno de los 150 municipios que cuentan con la cobertura de autoprestaci\u00f3n que permite la interconexi\u00f3n de todos los edificios municipales, permitiendo adem\u00e1s la conexi\u00f3n gratuita de estos con el Centro de Proceso de Datos de la Diputaci\u00f3n, facilitando en gran medida el acceso a las aplicaciones corporativas desarrolladas por la Diputaci\u00f3n, as\u00ed como la posibilidad de compartir datos entre todos los municipios de la provincia.<\/p>\n<p>Esta fase, que ya se encuentra operativa en esos municipios, da paso ahora a la fase de comercializaci\u00f3n, fase en la que la empresa Eurona, que mantiene el convenio con este programa de la Diputaci\u00f3n, ofrece\u00a0 servicios al ciudadano a precios competitivos.<\/p>\n<p>El proyecto de la Diputaci\u00f3n, que cumple los plazos asignados inicialmente, culminar\u00e1 en diciembre de 2013, fecha en la que estar\u00e1n plenamente conectados los 265\u00a0 municipios de la provincia de Valencia.<\/p>\n<p>Sona Wifi contempla el desarrollo de una red basada en la tecnolog\u00eda inal\u00e1mbrica que garantiza la cohesi\u00f3n tecnol\u00f3gica, propiciando el incremento de la oferta de servicios de telecomunicaciones y mejorando los servicios de autoprestaci\u00f3n\u00a0 para los municipios.<\/p>\n<p>&nbsp;<\/p>\n","protected":false},"excerpt":{"rendered":"<div class=\"mh-excerpt\">La Pobla de Vallbona implantar\u00e1 la red wimax m\u00e1s completa de Europa. El Ayuntamiento se ha adherido al programa Sona Wifi, un proyecto iniciado en 2010 por la Diputaci\u00f3n de Valencia y que llega ahora <a class=\"mh-excerpt-more\" href=\"https:\/\/www.tucomarca.com\/wordpress\/segunda\/la-pobla-de-vallbona-incorpora-la-red-wimax-mas-completa-de-europa\/\" title=\"La Pobla de Vallbona incorpora la red Wimax m\u00e1s completa de Europa\">[+] <\/a><\/div>\n","protected":false},"author":1,"featured_media":0,"comment_status":"open","ping_status":"open","sticky":false,"template":"","format":"standard","meta":{"footnotes":""},"categories":[46,128,8,174,3],"tags":[],"class_list":{"0":"post-10792","1":"post","2":"type-post","3":"status-publish","4":"format-standard","6":"category-camp-de-turia","7":"category-infraestructuras","8":"category-la-comarca","9":"category-la-pobla","10":"category-seccion"},"_links":{"self":[{"href":"https:\/\/www.tucomarca.com\/wordpress\/segunda\/wp-json\/wp\/v2\/posts\/10792","targetHints":{"allow":["GET"]}}],"collection":[{"href":"https:\/\/www.tucomarca.com\/wordpress\/segunda\/wp-json\/wp\/v2\/posts"}],"about":[{"href":"https:\/\/www.tucomarca.com\/wordpress\/segunda\/wp-json\/wp\/v2\/types\/post"}],"author":[{"embeddable":true,"href":"https:\/\/www.tucomarca.com\/wordpress\/segunda\/wp-json\/wp\/v2\/users\/1"}],"replies":[{"embeddable":true,"href":"https:\/\/www.tucomarca.com\/wordpress\/segunda\/wp-json\/wp\/v2\/comments?post=10792"}],"version-history":[{"count":0,"href":"https:\/\/www.tucomarca.com\/wordpress\/segunda\/wp-json\/wp\/v2\/posts\/10792\/revisions"}],"wp:attachment":[{"href":"https:\/\/www.tucomarca.com\/wordpress\/segunda\/wp-json\/wp\/v2\/media?parent=10792"}],"wp:term":[{"taxonomy":"category","embeddable":true,"href":"https:\/\/www.tucomarca.com\/wordpress\/segunda\/wp-json\/wp\/v2\/categories?post=10792"},{"taxonomy":"post_tag","embeddable":true,"href":"https:\/\/www.tucomarca.com\/wordpress\/segunda\/wp-json\/wp\/v2\/tags?post=10792"}],"curies":[{"name":"wp","href":"https:\/\/api.w.org\/{rel}","templated":true}]}}