{"id":10796,"date":"2013-01-23T17:54:55","date_gmt":"2013-01-23T16:54:55","guid":{"rendered":"http:\/\/www.tucomarca.com\/wordpress\/segunda\/?p=10796"},"modified":"2013-01-23T17:54:55","modified_gmt":"2013-01-23T16:54:55","slug":"la-generalitat-potenciara-los-recursos-turisticos-de-alzira-para-que-el-turismo-siga-siendo-una-via-de-ingresos","status":"publish","type":"post","link":"https:\/\/www.tucomarca.com\/wordpress\/segunda\/la-generalitat-potenciara-los-recursos-turisticos-de-alzira-para-que-el-turismo-siga-siendo-una-via-de-ingresos\/","title":{"rendered":"La Generalitat potenciar\u00e1 los recursos tur\u00edsticos de Alzira para que el turismo siga siendo una v\u00eda de ingresos"},"content":{"rendered":"<div>\n<div>El secretario auton\u00f3mico de Turismo y Comercio, Daniel Marco, ha se\u00f1alado hoy, tras reunirse con la alcaldesa de Alzira, Elena Bastidas, que la Generalitat estudiar\u00e1 las potencialidades tur\u00edsticas de este municipio con el objetivo de sacarle el m\u00e1ximo rendimiento tur\u00edstico.<\/div>\n<\/div>\n<p>Tras el encuentro, han visitado la Casa Blava, un inmueble rural de finales del siglo XIX rehabilitado por el Consell y transformado en hotel rural; y el Paraje de la Murta, uno de los reclamos tur\u00edsticos del municipio.<\/p>\n<p>\u00abTodos los recursos tur\u00edsticos de nuestros municipios deben ser explotados para que contin\u00faen generando riqueza para los ciudadanos y sigan fomentando la creaci\u00f3n de empleo. Apoyaremos todas aquellas iniciativas que contribuyan a que el turismo siga siendo una v\u00eda de ingresos para Alzira\u00bb, ha se\u00f1alado.<\/p>\n<p>Daniel Marco ha indicado que desde la Generalitat se est\u00e1 valorando la elaboraci\u00f3n de planes tur\u00edsticos para localidades como Alzira, que cuentan con un gran patrimonio cultural.<\/p>\n<p>En este sentido, ha explicado que para el caso de este municipio, y dentro de la pol\u00edtica de enfoque de producto que est\u00e1 llevando a cabo la Conselleria de Econom\u00eda, Industria, Turismo y Empleo, se potenciar\u00e1 el turismo de naturaleza, a trav\u00e9s de parajes naturales como la Murta y la Casella; el turismo gastron\u00f3mico, a trav\u00e9s de paquetes experienciales gestionados por Agencias de Viajes y el turismo activo.<\/p>\n<p>En este \u00faltimo caso, se analizar\u00e1 la posibilidad de abrir un Centro BTT, con rutas circulares cerca del r\u00edo J\u00facar, aptas para todos los p\u00fablicos.<\/p>\n<p>&nbsp;<\/p>\n","protected":false},"excerpt":{"rendered":"<div class=\"mh-excerpt\">El secretario auton\u00f3mico de Turismo y Comercio, Daniel Marco, ha se\u00f1alado hoy, tras reunirse con la alcaldesa de Alzira, Elena Bastidas, que la Generalitat estudiar\u00e1 las potencialidades tur\u00edsticas de este municipio con el objetivo de <a class=\"mh-excerpt-more\" href=\"https:\/\/www.tucomarca.com\/wordpress\/segunda\/la-generalitat-potenciara-los-recursos-turisticos-de-alzira-para-que-el-turismo-siga-siendo-una-via-de-ingresos\/\" title=\"La Generalitat potenciar\u00e1 los recursos tur\u00edsticos de Alzira para que el turismo siga siendo una v\u00eda de ingresos\">[+] <\/a><\/div>\n","protected":false},"author":1,"featured_media":0,"comment_status":"open","ping_status":"open","sticky":false,"template":"","format":"standard","meta":{"footnotes":""},"categories":[69,8,42,117,3],"tags":[],"class_list":{"0":"post-10796","1":"post","2":"type-post","3":"status-publish","4":"format-standard","6":"category-alzira","7":"category-la-comarca","8":"category-la-ribera","9":"category-medio-ambiente-la-comarca","10":"category-seccion"},"_links":{"self":[{"href":"https:\/\/www.tucomarca.com\/wordpress\/segunda\/wp-json\/wp\/v2\/posts\/10796","targetHints":{"allow":["GET"]}}],"collection":[{"href":"https:\/\/www.tucomarca.com\/wordpress\/segunda\/wp-json\/wp\/v2\/posts"}],"about":[{"href":"https:\/\/www.tucomarca.com\/wordpress\/segunda\/wp-json\/wp\/v2\/types\/post"}],"author":[{"embeddable":true,"href":"https:\/\/www.tucomarca.com\/wordpress\/segunda\/wp-json\/wp\/v2\/users\/1"}],"replies":[{"embeddable":true,"href":"https:\/\/www.tucomarca.com\/wordpress\/segunda\/wp-json\/wp\/v2\/comments?post=10796"}],"version-history":[{"count":0,"href":"https:\/\/www.tucomarca.com\/wordpress\/segunda\/wp-json\/wp\/v2\/posts\/10796\/revisions"}],"wp:attachment":[{"href":"https:\/\/www.tucomarca.com\/wordpress\/segunda\/wp-json\/wp\/v2\/media?parent=10796"}],"wp:term":[{"taxonomy":"category","embeddable":true,"href":"https:\/\/www.tucomarca.com\/wordpress\/segunda\/wp-json\/wp\/v2\/categories?post=10796"},{"taxonomy":"post_tag","embeddable":true,"href":"https:\/\/www.tucomarca.com\/wordpress\/segunda\/wp-json\/wp\/v2\/tags?post=10796"}],"curies":[{"name":"wp","href":"https:\/\/api.w.org\/{rel}","templated":true}]}}