{"id":107972,"date":"2020-06-03T20:55:33","date_gmt":"2020-06-03T18:55:33","guid":{"rendered":"http:\/\/www.tucomarca.com\/wordpress\/segunda\/?p=107972"},"modified":"2020-06-03T20:55:37","modified_gmt":"2020-06-03T18:55:37","slug":"el-centro-de-salud-de-cheste-hace-una-valoracion-de-los-datos-sobre-personas-fallecidas-y-contagiadas-en-el-municipio","status":"publish","type":"post","link":"https:\/\/www.tucomarca.com\/wordpress\/segunda\/el-centro-de-salud-de-cheste-hace-una-valoracion-de-los-datos-sobre-personas-fallecidas-y-contagiadas-en-el-municipio\/","title":{"rendered":"El Centro de Salud de Cheste hace una valoraci\u00f3n de los datos sobre personas fallecidas y contagiadas en el municipio"},"content":{"rendered":"\n<p>El coordinador del Centro de Salud de Cheste, Esteban Rosero, en representaci\u00f3n de todo el equipo m\u00e9dico, ha emitido un comunicado para informar de la coincidencia entre los datos de personas fallecidas y contagiadas por COVID-19 en Cheste publicados por la Conselleria y los registrados por parte del Centro de Salud. Concretamente las cifras ascienden a 17 personas contagiadas confirmadas por la prueba PCR y 2 personas fallecidas.<\/p>\n\n\n\n<p>Tal como ha explicado Rosero, los datos corresponden a casos confirmados por PCR en aquellos\/as pacientes con patolog\u00edas graves que se derivaban al hospital. \u201cDurante este periodo, en la poblaci\u00f3n se dieron casos de fiebre y s\u00edntomas respiratorios leves que se aislaron y sobre los que se realiz\u00f3 un control sintom\u00e1tico hasta su resoluci\u00f3n, sin saber a ciencia cierta si eran o no COVID-19. Hasta hace dos semanas, por protocolo no se hac\u00eda PCR, por lo que no se pod\u00eda ni confirmar ni descartar la etiolog\u00eda de la COVID-19\u201d, ha apuntado el coordinador.<\/p>\n\n\n\n<p>Pese a que los datos animan al optimismo, ya que, seg\u00fan el informe de Conselleria, no hay registros de contagios confirmados en los \u00faltimos 15 d\u00edas en Cheste, el coordinador del Centro de Salud pide que no se baje la guardia. \u201cHay que alejarse de la frialdad de los datos y seguir manteniendo las medidas&nbsp; de protecci\u00f3n necesarias para que la situaci\u00f3n perdure: distancia de seguridad, mascarilla, lavados de manos y seguir las instrucciones que en cada fase se aconsejan. El riesgo de aparici\u00f3n de nuevos casos no ha desaparecido y nos puede afectar en cualquier momento\u201d, subraya.<\/p>\n\n\n\n<p>Por \u00faltimo, tanto desde el Centro de Salud como desde la concejal\u00eda de Sanidad del Ayuntamiento, se ha destacado el trabajo realizado en las residencias de Cheste La Humanitat y Savia y en la Vivienda Tutelada San Lucas. \u201cHan contribuido a que la cifra de fallecidos sea baja\u201d, ha declarado Rosero. Tambi\u00e9n se ha puesto en valor la labor de las instituciones y servicios locales: Ayuntamiento, Polic\u00eda Local, Guardia Civil, Protecci\u00f3n Civil, Brigada Municipal, agricultores, farmacias, asistentes sociales y personas voluntarias. \u201cY, por su puesto, hay que agradecer que toda la poblaci\u00f3n ha hecho posible, con su actitud, el bajo nivel de personas afectadas en Cheste\u201d, coinciden en afirmar Rosero y la concejala de Sanidad, M\u00aa \u00c1ngeles Llorente.<\/p>\n","protected":false},"excerpt":{"rendered":"<div class=\"mh-excerpt\">El coordinador del Centro de Salud de Cheste, Esteban Rosero, en representaci\u00f3n de todo el equipo m\u00e9dico, ha emitido un comunicado para informar de la coincidencia entre los datos de personas fallecidas y contagiadas por <a class=\"mh-excerpt-more\" href=\"https:\/\/www.tucomarca.com\/wordpress\/segunda\/el-centro-de-salud-de-cheste-hace-una-valoracion-de-los-datos-sobre-personas-fallecidas-y-contagiadas-en-el-municipio\/\" title=\"El Centro de Salud de Cheste hace una valoraci\u00f3n de los datos sobre personas fallecidas y contagiadas en el municipio\">[+] <\/a><\/div>\n","protected":false},"author":12,"featured_media":103548,"comment_status":"open","ping_status":"open","sticky":false,"template":"","format":"standard","meta":{"footnotes":""},"categories":[119,17,12201,128,8,10,142,3,116],"tags":[10470,11937,11938,5952],"class_list":{"0":"post-107972","1":"post","2":"type-post","3":"status-publish","4":"format-standard","5":"has-post-thumbnail","7":"category-sanidad-la-comarca","8":"category-cheste","9":"category-covid-19","10":"category-infraestructuras","11":"category-la-comarca","12":"category-la-hoya","13":"category-politica-la-comarca","14":"category-seccion","15":"category-sucesos-la-comarca","16":"tag-ayuntamiento-de-cheste","17":"tag-coronavirus","18":"tag-covid-19","19":"tag-la-hoya-de-bunol-chiva"},"_links":{"self":[{"href":"https:\/\/www.tucomarca.com\/wordpress\/segunda\/wp-json\/wp\/v2\/posts\/107972","targetHints":{"allow":["GET"]}}],"collection":[{"href":"https:\/\/www.tucomarca.com\/wordpress\/segunda\/wp-json\/wp\/v2\/posts"}],"about":[{"href":"https:\/\/www.tucomarca.com\/wordpress\/segunda\/wp-json\/wp\/v2\/types\/post"}],"author":[{"embeddable":true,"href":"https:\/\/www.tucomarca.com\/wordpress\/segunda\/wp-json\/wp\/v2\/users\/12"}],"replies":[{"embeddable":true,"href":"https:\/\/www.tucomarca.com\/wordpress\/segunda\/wp-json\/wp\/v2\/comments?post=107972"}],"version-history":[{"count":0,"href":"https:\/\/www.tucomarca.com\/wordpress\/segunda\/wp-json\/wp\/v2\/posts\/107972\/revisions"}],"wp:featuredmedia":[{"embeddable":true,"href":"https:\/\/www.tucomarca.com\/wordpress\/segunda\/wp-json\/wp\/v2\/media\/103548"}],"wp:attachment":[{"href":"https:\/\/www.tucomarca.com\/wordpress\/segunda\/wp-json\/wp\/v2\/media?parent=107972"}],"wp:term":[{"taxonomy":"category","embeddable":true,"href":"https:\/\/www.tucomarca.com\/wordpress\/segunda\/wp-json\/wp\/v2\/categories?post=107972"},{"taxonomy":"post_tag","embeddable":true,"href":"https:\/\/www.tucomarca.com\/wordpress\/segunda\/wp-json\/wp\/v2\/tags?post=107972"}],"curies":[{"name":"wp","href":"https:\/\/api.w.org\/{rel}","templated":true}]}}