{"id":107990,"date":"2020-06-03T20:43:07","date_gmt":"2020-06-03T18:43:07","guid":{"rendered":"http:\/\/www.tucomarca.com\/wordpress\/segunda\/?p=107990"},"modified":"2020-06-03T20:43:09","modified_gmt":"2020-06-03T18:43:09","slug":"la-comunitat-valenciana-registra-el-cuarto-dia-sin-personas-fallecidas-por-covid-19","status":"publish","type":"post","link":"https:\/\/www.tucomarca.com\/wordpress\/segunda\/la-comunitat-valenciana-registra-el-cuarto-dia-sin-personas-fallecidas-por-covid-19\/","title":{"rendered":"La Comunitat Valenciana registra el cuarto d\u00eda sin personas fallecidas por Covid-19"},"content":{"rendered":"\n<p>La Comunitat Valenciana no registra, por cuarto d\u00eda consecutivo, ninguna persona fallecida por Covid-19. Al mismo tiempo, las altas a pacientes con coronavirus siguen en aumento y en las \u00faltimas 24 horas se han registrado 218 nuevas altas, que elevan a 12.533 el total de personas curadas (el 76,2% de todos los casos detectados). Por provincias: 1.557 en la provincia de Castell\u00f3n, 4.464 en la de Alicante y 6.507 en la de Valencia, a las que hay que sumar otras 5 correspondientes a personas desplazadas.&nbsp;<\/p>\n\n\n\n<p>En cuanto a casos positivos nuevos, desde la actualizaci\u00f3n de este martes se han detectado 16 casos a trav\u00e9s de PCR que elevan a 11.254 el total de positivos desde que comenz\u00f3 la pandemia. Por provincias: 2 en Castell\u00f3n (1.568 en total); 1 en la provincia de Alicante (3.925 en total); 12 en la provincia de Valencia (5.755 en total); y un caso sin asignar. Hay que sumar tambi\u00e9n 5 no asignados de d\u00edas anteriores.<\/p>\n\n\n\n<p>En estos momentos, quedan activos 2.470 casos, un 15% de todos los casos detectados desde el inicio de la pandemia<\/p>\n\n\n\n<p>El n\u00famero de personas ingresadas por coronavirus en los hospitales valencianos es de 165: 14 en la provincia de Castell\u00f3n, de ellas 3 en la UCI; 60 en la provincia de Alicante, de ellas 11 en la UCI; y 91 en la provincia de Valencia, de ellas 8 en la UCI.<\/p>\n\n\n\n<p>El n\u00famero de altas de profesionales sanitarios es de 2.222 y el n\u00famero total de positivos en profesionales en estos momentos es de 494.<\/p>\n\n\n\n<p>El total de fallecimientos por coronavirus es de 1.439 en estos momentos. El incremento de casos reflejado con relaci\u00f3n al dato de la \u00faltima actualizaci\u00f3n responde a la incorporaci\u00f3n de 7 fallecimientos que se produjeron en residencias durante la \u00faltima semana de mayo y que, tras su notificaci\u00f3n y las exhaustivas comprobaciones realizadas, se confirman o vinculan epidemiol\u00f3gicamente con COVID-19. Por provincias: 220 en la provincia de Castell\u00f3n, 504 en la de Alicante y 715 en la provincia de Valencia.<\/p>\n\n\n\n<p>El n\u00famero total de pruebas llevadas a cabo para la detecci\u00f3n del coronavirus han sido 341.408 de las cuales 236.435 han sido a trav\u00e9s de PCR y 104.870 a trav\u00e9s de test r\u00e1pido.<\/p>\n\n\n\n<p><strong>Actualizaci\u00f3n de la situaci\u00f3n en residencias<\/strong><\/p>\n\n\n\n<p>En la actualidad hay alg\u00fan caso positivo en 74 centros (8 en la provincia de Castell\u00f3n, 30 en la de Alicante y 36 en la provincia de Valencia).<\/p>\n\n\n\n<p>\u00b7 Residentes nuevos positivos: 1<\/p>\n\n\n\n<p>\u00b7 Personal nuevo positivo: 1<\/p>\n\n\n\n<p>\u00b7 Residentes que han fallecido: 0<\/p>\n\n\n\n<p>En estos momentos, se encuentran bajo vigilancia activa de control sanitario 28 residencias en la Comunitat Valenciana: 8 en la provincia de Castell\u00f3n, 7 en la provincia de Alicante y 13 en la provincia de Valencia.<\/p>\n","protected":false},"excerpt":{"rendered":"<div class=\"mh-excerpt\">La Comunitat Valenciana no registra, por cuarto d\u00eda consecutivo, ninguna persona fallecida por Covid-19. Al mismo tiempo, las altas a pacientes con coronavirus siguen en aumento y en las \u00faltimas 24 horas se han registrado <a class=\"mh-excerpt-more\" href=\"https:\/\/www.tucomarca.com\/wordpress\/segunda\/la-comunitat-valenciana-registra-el-cuarto-dia-sin-personas-fallecidas-por-covid-19\/\" title=\"La Comunitat Valenciana registra el cuarto d\u00eda sin personas fallecidas por Covid-19\">[+] <\/a><\/div>\n","protected":false},"author":1,"featured_media":107988,"comment_status":"open","ping_status":"open","sticky":false,"template":"","format":"standard","meta":{"footnotes":""},"categories":[69,119,12201,128,8,72,117,142,3,116,45],"tags":[11937,11938,11951],"class_list":{"0":"post-107990","1":"post","2":"type-post","3":"status-publish","4":"format-standard","5":"has-post-thumbnail","7":"category-alzira","8":"category-sanidad-la-comarca","9":"category-covid-19","10":"category-infraestructuras","11":"category-la-comarca","12":"category-sin-categorizar","13":"category-medio-ambiente-la-comarca","14":"category-politica-la-comarca","15":"category-seccion","16":"category-sucesos-la-comarca","17":"category-ventana","18":"tag-coronavirus","19":"tag-covid-19","20":"tag-covid2019"},"_links":{"self":[{"href":"https:\/\/www.tucomarca.com\/wordpress\/segunda\/wp-json\/wp\/v2\/posts\/107990","targetHints":{"allow":["GET"]}}],"collection":[{"href":"https:\/\/www.tucomarca.com\/wordpress\/segunda\/wp-json\/wp\/v2\/posts"}],"about":[{"href":"https:\/\/www.tucomarca.com\/wordpress\/segunda\/wp-json\/wp\/v2\/types\/post"}],"author":[{"embeddable":true,"href":"https:\/\/www.tucomarca.com\/wordpress\/segunda\/wp-json\/wp\/v2\/users\/1"}],"replies":[{"embeddable":true,"href":"https:\/\/www.tucomarca.com\/wordpress\/segunda\/wp-json\/wp\/v2\/comments?post=107990"}],"version-history":[{"count":0,"href":"https:\/\/www.tucomarca.com\/wordpress\/segunda\/wp-json\/wp\/v2\/posts\/107990\/revisions"}],"wp:featuredmedia":[{"embeddable":true,"href":"https:\/\/www.tucomarca.com\/wordpress\/segunda\/wp-json\/wp\/v2\/media\/107988"}],"wp:attachment":[{"href":"https:\/\/www.tucomarca.com\/wordpress\/segunda\/wp-json\/wp\/v2\/media?parent=107990"}],"wp:term":[{"taxonomy":"category","embeddable":true,"href":"https:\/\/www.tucomarca.com\/wordpress\/segunda\/wp-json\/wp\/v2\/categories?post=107990"},{"taxonomy":"post_tag","embeddable":true,"href":"https:\/\/www.tucomarca.com\/wordpress\/segunda\/wp-json\/wp\/v2\/tags?post=107990"}],"curies":[{"name":"wp","href":"https:\/\/api.w.org\/{rel}","templated":true}]}}