{"id":10800,"date":"2013-01-23T17:55:35","date_gmt":"2013-01-23T16:55:35","guid":{"rendered":"http:\/\/www.tucomarca.com\/wordpress\/segunda\/?p=10800"},"modified":"2013-01-23T17:55:35","modified_gmt":"2013-01-23T16:55:35","slug":"el-patronato-provincial-de-turismo-patrocinara-la-muestra-del-embutido-artesano-y-de-calidad-de-requena-2013","status":"publish","type":"post","link":"https:\/\/www.tucomarca.com\/wordpress\/segunda\/el-patronato-provincial-de-turismo-patrocinara-la-muestra-del-embutido-artesano-y-de-calidad-de-requena-2013\/","title":{"rendered":"El Patronato Provincial de Turismo patrocinar\u00e1 la Muestra del Embutido Artesano y de Calidad de Requena 2013"},"content":{"rendered":"<figure id=\"attachment_10801\" aria-describedby=\"caption-attachment-10801\" style=\"width: 300px\" class=\"wp-caption alignleft\"><a href=\"https:\/\/www.tucomarca.com\/wordpress\/segunda\/wp-content\/uploads\/2013\/01\/concejalRequena.jpg\"><img loading=\"lazy\" decoding=\"async\" class=\"size-medium wp-image-10801\" title=\"concejalRequena\" src=\"https:\/\/www.tucomarca.com\/wordpress\/segunda\/wp-content\/uploads\/2013\/01\/concejalRequena-300x191.jpg\" alt=\"El diputado de Turismo con la concejal responsable del \u00e1rea del Ayuntamiento de Requena.\" width=\"300\" height=\"191\" srcset=\"https:\/\/www.tucomarca.com\/wordpress\/segunda\/wp-content\/uploads\/2013\/01\/concejalRequena-300x191.jpg 300w, https:\/\/www.tucomarca.com\/wordpress\/segunda\/wp-content\/uploads\/2013\/01\/concejalRequena-1024x652.jpg 1024w\" sizes=\"auto, (max-width: 300px) 100vw, 300px\" \/><\/a><figcaption id=\"caption-attachment-10801\" class=\"wp-caption-text\">El diputado de Turismo con la concejal responsable del \u00e1rea del Ayuntamiento de Requena.<\/figcaption><\/figure>\n<p>El Patronato Provincial de Turismo Val\u00e8ncia, Terra i Mar patrocinar\u00e1 la XX Muestra del Embutido Artesano y de Calidad de Requena, que tendr\u00e1 lugar del 8 al 10 de febrero, en Requena.<\/p>\n<p>El diputado de Turismo, Ernesto Sanju\u00e1n, ha atendido esta ma\u00f1ana la petici\u00f3n del concejal de Turismo de Requena, Patricia Alcaide, quien ha solicitado la colaboraci\u00f3n de la Diputaci\u00f3n de Valencia para la puesta en marcha de este certamen tur\u00edstico.<\/p>\n<p>La Muestra del Embutido Artesano y de Calidad tiene como objetivo principal promocionar los productos tradicionales de Requena y adem\u00e1s, fomentar uno de los pilares b\u00e1sicos de la oferta tur\u00edstica de la provincia de Valencia: la gastronom\u00eda tradicional.<\/p>\n<p>Ernesto Sanju\u00e1n ha destacado al respecto que \u201cdesde el Patronato Provincial de Turismo Val\u00e8ncia, Terra i Mar fomentamos la puesta en marcha de ferias gastron\u00f3micas y tur\u00edsticas como esta que estimulan la demanda tur\u00edstica y que adem\u00e1s, apoyan a nuestros comercios y a nuestros profesionales que elaboran productos de calidad\u201d.<\/p>\n<p>Patricia Alcaide, que ha agradecido la ayuda econ\u00f3mica del Patronato Provincial de Turismo,ha comentado que \u201cen esta reuni\u00f3n hemos concretado la colaboraci\u00f3n entre la Diputaci\u00f3n de Valencia y el ayuntamiento de Requena para llevar a cabo la Muestra del Embutido y poder fomentar y promocionar el producto de calidad de Requena y la zona del interior\u201d.<\/p>\n<p>El Patronato iniciar\u00e1 la difusi\u00f3n on-line de la Muestra del embutido en los pr\u00f3ximos d\u00edas para dar a conocer este evento.<\/p>\n","protected":false},"excerpt":{"rendered":"<div class=\"mh-excerpt\">El Patronato Provincial de Turismo Val\u00e8ncia, Terra i Mar patrocinar\u00e1 la XX Muestra del Embutido Artesano y de Calidad de Requena, que tendr\u00e1 lugar del 8 al 10 de febrero, en Requena. El diputado de <a class=\"mh-excerpt-more\" href=\"https:\/\/www.tucomarca.com\/wordpress\/segunda\/el-patronato-provincial-de-turismo-patrocinara-la-muestra-del-embutido-artesano-y-de-calidad-de-requena-2013\/\" title=\"El Patronato Provincial de Turismo patrocinar\u00e1 la Muestra del Embutido Artesano y de Calidad de Requena 2013\">[+] <\/a><\/div>\n","protected":false},"author":1,"featured_media":10801,"comment_status":"open","ping_status":"open","sticky":false,"template":"","format":"standard","meta":{"footnotes":""},"categories":[5,383,28,27,3,45],"tags":[],"class_list":{"0":"post-10800","1":"post","2":"type-post","3":"status-publish","4":"format-standard","5":"has-post-thumbnail","7":"category-la-semana-en-imagenes","8":"category-pueblos-en-fiestas","9":"category-requena","10":"category-requena-utiel","11":"category-seccion","12":"category-ventana"},"_links":{"self":[{"href":"https:\/\/www.tucomarca.com\/wordpress\/segunda\/wp-json\/wp\/v2\/posts\/10800","targetHints":{"allow":["GET"]}}],"collection":[{"href":"https:\/\/www.tucomarca.com\/wordpress\/segunda\/wp-json\/wp\/v2\/posts"}],"about":[{"href":"https:\/\/www.tucomarca.com\/wordpress\/segunda\/wp-json\/wp\/v2\/types\/post"}],"author":[{"embeddable":true,"href":"https:\/\/www.tucomarca.com\/wordpress\/segunda\/wp-json\/wp\/v2\/users\/1"}],"replies":[{"embeddable":true,"href":"https:\/\/www.tucomarca.com\/wordpress\/segunda\/wp-json\/wp\/v2\/comments?post=10800"}],"version-history":[{"count":0,"href":"https:\/\/www.tucomarca.com\/wordpress\/segunda\/wp-json\/wp\/v2\/posts\/10800\/revisions"}],"wp:featuredmedia":[{"embeddable":true,"href":"https:\/\/www.tucomarca.com\/wordpress\/segunda\/wp-json\/wp\/v2\/media\/10801"}],"wp:attachment":[{"href":"https:\/\/www.tucomarca.com\/wordpress\/segunda\/wp-json\/wp\/v2\/media?parent=10800"}],"wp:term":[{"taxonomy":"category","embeddable":true,"href":"https:\/\/www.tucomarca.com\/wordpress\/segunda\/wp-json\/wp\/v2\/categories?post=10800"},{"taxonomy":"post_tag","embeddable":true,"href":"https:\/\/www.tucomarca.com\/wordpress\/segunda\/wp-json\/wp\/v2\/tags?post=10800"}],"curies":[{"name":"wp","href":"https:\/\/api.w.org\/{rel}","templated":true}]}}