{"id":10803,"date":"2013-01-23T17:55:19","date_gmt":"2013-01-23T16:55:19","guid":{"rendered":"http:\/\/www.tucomarca.com\/wordpress\/segunda\/?p=10803"},"modified":"2013-01-23T17:55:19","modified_gmt":"2013-01-23T16:55:19","slug":"anna-mejorara-su-archivo-municipal-y-caminos-rurales","status":"publish","type":"post","link":"https:\/\/www.tucomarca.com\/wordpress\/segunda\/anna-mejorara-su-archivo-municipal-y-caminos-rurales\/","title":{"rendered":"Anna mejorar\u00e1 su archivo municipal y caminos rurales"},"content":{"rendered":"<figure id=\"attachment_10804\" aria-describedby=\"caption-attachment-10804\" style=\"width: 300px\" class=\"wp-caption alignleft\"><a href=\"https:\/\/www.tucomarca.com\/wordpress\/segunda\/wp-content\/uploads\/2013\/01\/IMG_6968.jpg\"><img loading=\"lazy\" decoding=\"async\" class=\"size-medium wp-image-10804\" title=\"IMG_6968\" src=\"https:\/\/www.tucomarca.com\/wordpress\/segunda\/wp-content\/uploads\/2013\/01\/IMG_6968-300x199.jpg\" alt=\"El alcalde de Annna y el diputado de Cooperaci\u00f3n Municipal durante su encuentro.\" width=\"300\" height=\"199\" srcset=\"https:\/\/www.tucomarca.com\/wordpress\/segunda\/wp-content\/uploads\/2013\/01\/IMG_6968-300x199.jpg 300w, https:\/\/www.tucomarca.com\/wordpress\/segunda\/wp-content\/uploads\/2013\/01\/IMG_6968-1024x682.jpg 1024w\" sizes=\"auto, (max-width: 300px) 100vw, 300px\" \/><\/a><figcaption id=\"caption-attachment-10804\" class=\"wp-caption-text\">El alcalde de Annna y el diputado de Cooperaci\u00f3n Municipal durante su encuentro.<\/figcaption><\/figure>\n<p>El diputado de Cooperaci\u00f3n Municipal de la Diputaci\u00f3n de Valencia, Juan Jos\u00e9 Medina, se ha reunido hoy en la instituci\u00f3n provincial con el alcalde de Anna, Miguel Adri\u00e1n Ram\u00edrez, para analizar la ayuda de la corporaci\u00f3n en diversos proyectos del consistorio de La Canal de Navarr\u00e9s.<\/p>\n<p>Ram\u00edrez, tras el encuentro, ha anunciado la colaboraci\u00f3n de la Diputaci\u00f3n en la rehabilitaci\u00f3n del archivo municipal de Anna y en el acondicionamiento de los caminos rurales de la localidad, con la concesi\u00f3n de dos subvenciones de 20.000 euros cada una, a trav\u00e9s de los planes provinciales de Bienes Inmuebles y de Caminos Rurales.<\/p>\n<p>El alcalde, adem\u00e1s, ha confirmado la concesi\u00f3n de otra subvenci\u00f3n de la corporaci\u00f3n provincial al Ayuntamiento de Anna por un importe de 5.000 euros, para la adquisici\u00f3n de material deportivo.<\/p>\n<p>Medina y el responsable local tambi\u00e9n han analizado, por otra parte, el proyecto de creaci\u00f3n del Museo Arqueol\u00f3gico de Anna en las instalaciones del Palacio de los Condes de Cervell\u00f3 del municipio y la necesidad de impermeabilizaci\u00f3n del Museo Etnol\u00f3gico local por la detecci\u00f3n de humedades.<\/p>\n<p>&nbsp;<\/p>\n","protected":false},"excerpt":{"rendered":"<div class=\"mh-excerpt\">El diputado de Cooperaci\u00f3n Municipal de la Diputaci\u00f3n de Valencia, Juan Jos\u00e9 Medina, se ha reunido hoy en la instituci\u00f3n provincial con el alcalde de Anna, Miguel Adri\u00e1n Ram\u00edrez, para analizar la ayuda de la <a class=\"mh-excerpt-more\" href=\"https:\/\/www.tucomarca.com\/wordpress\/segunda\/anna-mejorara-su-archivo-municipal-y-caminos-rurales\/\" title=\"Anna mejorar\u00e1 su archivo municipal y caminos rurales\">[+] <\/a><\/div>\n","protected":false},"author":1,"featured_media":10804,"comment_status":"open","ping_status":"open","sticky":false,"template":"","format":"standard","meta":{"footnotes":""},"categories":[78,70,8,3],"tags":[],"class_list":{"0":"post-10803","1":"post","2":"type-post","3":"status-publish","4":"format-standard","5":"has-post-thumbnail","7":"category-anna","8":"category-la-canal-de-navarres","9":"category-la-comarca","10":"category-seccion"},"_links":{"self":[{"href":"https:\/\/www.tucomarca.com\/wordpress\/segunda\/wp-json\/wp\/v2\/posts\/10803","targetHints":{"allow":["GET"]}}],"collection":[{"href":"https:\/\/www.tucomarca.com\/wordpress\/segunda\/wp-json\/wp\/v2\/posts"}],"about":[{"href":"https:\/\/www.tucomarca.com\/wordpress\/segunda\/wp-json\/wp\/v2\/types\/post"}],"author":[{"embeddable":true,"href":"https:\/\/www.tucomarca.com\/wordpress\/segunda\/wp-json\/wp\/v2\/users\/1"}],"replies":[{"embeddable":true,"href":"https:\/\/www.tucomarca.com\/wordpress\/segunda\/wp-json\/wp\/v2\/comments?post=10803"}],"version-history":[{"count":0,"href":"https:\/\/www.tucomarca.com\/wordpress\/segunda\/wp-json\/wp\/v2\/posts\/10803\/revisions"}],"wp:featuredmedia":[{"embeddable":true,"href":"https:\/\/www.tucomarca.com\/wordpress\/segunda\/wp-json\/wp\/v2\/media\/10804"}],"wp:attachment":[{"href":"https:\/\/www.tucomarca.com\/wordpress\/segunda\/wp-json\/wp\/v2\/media?parent=10803"}],"wp:term":[{"taxonomy":"category","embeddable":true,"href":"https:\/\/www.tucomarca.com\/wordpress\/segunda\/wp-json\/wp\/v2\/categories?post=10803"},{"taxonomy":"post_tag","embeddable":true,"href":"https:\/\/www.tucomarca.com\/wordpress\/segunda\/wp-json\/wp\/v2\/tags?post=10803"}],"curies":[{"name":"wp","href":"https:\/\/api.w.org\/{rel}","templated":true}]}}