{"id":10810,"date":"2013-01-23T18:56:23","date_gmt":"2013-01-23T17:56:23","guid":{"rendered":"http:\/\/www.tucomarca.com\/wordpress\/segunda\/?p=10810"},"modified":"2013-01-24T00:29:44","modified_gmt":"2013-01-23T23:29:44","slug":"maria-jose-catala-visita-la-escuela-infantil-%c2%abriu-turia%c2%bb-de-riba-roja","status":"publish","type":"post","link":"https:\/\/www.tucomarca.com\/wordpress\/segunda\/maria-jose-catala-visita-la-escuela-infantil-%c2%abriu-turia%c2%bb-de-riba-roja\/","title":{"rendered":"Mar\u00eda Jos\u00e9 Catal\u00e1 visita la escuela infantil \u00abRiu Turia\u00bb de Riba-roja"},"content":{"rendered":"<figure id=\"attachment_10811\" aria-describedby=\"caption-attachment-10811\" style=\"width: 300px\" class=\"wp-caption alignleft\"><a href=\"https:\/\/www.tucomarca.com\/wordpress\/segunda\/wp-content\/uploads\/2013\/01\/foto_catala_ribarroja_1_ok.jpg\"><img loading=\"lazy\" decoding=\"async\" class=\"size-medium wp-image-10811\" title=\"MARIA JOSE CATALA INAUGURA AMPLIACION ESCUELA INFANTIL DE RIBA-R\" src=\"https:\/\/www.tucomarca.com\/wordpress\/segunda\/wp-content\/uploads\/2013\/01\/foto_catala_ribarroja_1_ok-300x193.jpg\" alt=\"La consellera durante su visita al centro escolar de Riba-roja.\" width=\"300\" height=\"193\" \/><\/a><figcaption id=\"caption-attachment-10811\" class=\"wp-caption-text\">La consellera durante su visita al centro escolar de Riba-roja.<\/figcaption><\/figure>\n<p>La consellera de Educaci\u00f3n, Cultura y Deporte, Mar\u00eda Jos\u00e9 Catal\u00e0 ha manifestado esta ma\u00f1ana, en su visita a la escuela infantil Riu Turia de Riba-roja, que su departamento ha incrementado las ayudas para la escolarizaci\u00f3n de los ni\u00f1os de 0 a 3 a\u00f1os multiplic\u00e1ndolas por 15 en la \u00faltima d\u00e9cada.<\/p>\n<p>De esta manera, Catal\u00e0 ha asegurado que se constata el \u00abcreciente compromiso de la Conselleria por seguir apostando por la escolarizaci\u00f3n de los menores, especialmente en momentos de crisis econ\u00f3mica, de modo que todos los ni\u00f1os tengan las mismas oportunidades de acceso a la educaci\u00f3n\u00bb.<\/p>\n<p>Por eso, la Conselleria mantiene la universalidad de estas ayudas dado que es fundamental ofrecer la posibilidad a todas las familias de que puedan conciliar su vida familiar y laboral, teniendo la opci\u00f3n de escolarizar a sus hijos con la ayuda de la Generalitat.<\/p>\n<p>Asimismo, Catal\u00e0 ha asegurado que \u00abno existe mejor apuesta que las inversiones de futuro y en el \u00e1mbito educativo, estas inversiones son las dedicadas a la escolarizaci\u00f3n de los m\u00e1s peque\u00f1os\u00bb.<\/p>\n<p>Por eso, el objetivo del bono infantil es incrementar la oferta de plazas p\u00fablicas y privadas con el fin de que las familias puedan tener una oferta suficiente y de calidad para poder atender a sus hijos de hasta tres a\u00f1os de edad y favorecer as\u00ed la conciliaci\u00f3n familiar y laboral.<\/p>\n<p><strong>30,6 millones de euros <\/strong><\/p>\n<p>Cabe destacar que durante el curso 2012\/13 la Conselleria ha destinado ha destinado un total de 30,6 millones de euros, con lo que se han beneficiado un total de 36.940 alumnos escolarizados en 712 centros de la Comunitat Valenciana.<\/p>\n<p>En concreto, 33.935 alumnos se han beenficiado de un descenso en el precio de la matr\u00edcula escolar gracias a esta subvenci\u00f3n que concede la Generalitat de hasta 1.640 euros por estudiante y curso. Estos beneficiarios han recibido mensualmente unas ayudas de 164 euros, en el caso de los ni\u00f1os de 0 y 1 a\u00f1os, 99 euros los alumnos de 1 y 2 a\u00f1os, y 65 euros los de 2 y 3 a\u00f1os.<\/p>\n<p>Asimismo, otros 3.005 alumnos est\u00e1n escolarizados en escuelas p\u00fablicas de la Generalitat por lo que tienen acceso a esta educaci\u00f3n de primer ciclo de Infantil de manera gratuita.<\/p>\n<p>Por otro lado, cabe destacar el incremento del 8,7% de los centros autorizados por la Conselleria durante este curso 2012-13 con respecto al a\u00f1o anterior. De este modo, actualmente reciben las ayudas las familias con ni\u00f1os escolarizados en 712 centros de la Comunitat Valenciana, es decir 57 centros m\u00e1s que el curso anterior.<\/p>\n<p><strong>Apuesta en zonas rurales <\/strong><\/p>\n<p>Cabe recordar que como principal novedad para este curso, la Conselleria ha duplicado la subvenci\u00f3n de los puestos escolares de las escuelas infantiles en zonas rurales, donde no exista otro centro autorizado y que tengan menos de 14 alumnos.<\/p>\n<p>\u00abDe este modo, -ha dicho la Consellera- queremos garantizar la sostenibilidad de las escuelas infantiles ubicadas en municipios con escasa poblaci\u00f3n y puedan seguir atendiendo las necesidades de las familias que residen en estos \u00e1mbitos con escasa poblaci\u00f3n, evitando desigualdades sociales y econ\u00f3micas respecto a otras zonas\u00bb.<\/p>\n<p><strong>Inscripci\u00f3n de los no nacidos <\/strong><\/p>\n<p>Otra de las novedades de este curso ha sido la posibilidad de solicitar ayudas para los alumnos no nacidos. Esta medida se suma a la que ya puso en marcha la Conselleria mediante el Programa +Vida al considerar al no nacido como un miembro m\u00e1s a efectos de la escolarizaci\u00f3n.<\/p>\n<p>De este modo, la Conselleria ha dado un paso m\u00e1s en el apoyo a las familias garantizando que el ni\u00f1o que todav\u00eda no ha nacido tenga la posibilidad de ser escolarizado, y recibir ayudas por ello, durante su primer a\u00f1o de vida en igualdad de condiciones que los restantes menores que ya han nacido con antelaci\u00f3n a la fecha de convocatoria de ayudas.<\/p>\n<p><strong>Escuela infantil de Riba-roja <\/strong><\/p>\n<p>Durante su visita a Riba-roja, la Consellera que ha estado acompa\u00f1ada por el alcalde de la localidad, Francisco Tarazona, ha podido comprobar la ampliaci\u00f3n de las instalaciones de la escuela infantil Riu Turia.<\/p>\n<p>Seg\u00fan ha explicado Catal\u00e0 en este centro trabajan m\u00e1s de 50 profesionales, de los cuales 26 son docentes, que atienden a 330 ni\u00f1os de 0 a 3 a\u00f1os de esta localidad valenciana.<\/p>\n<p>Las obras de ampliaci\u00f3n, a las que se ha destinado 468.000 euros, han consistido en la adaptaci\u00f3n de la planta inferior para ampliar las instalaciones existentes con 9 unidades nuevas, de las cuales 3 se destinan a ni\u00f1os de 1 a 2 a\u00f1os y seis unidades a ni\u00f1os de 2 a 3 a\u00f1os. De este modo, la capacidad total de la escuela es de 24 unidades, de las cuales 3 de 0 a 1 a\u00f1o, 9 de 1 a 2 a\u00f1os, y 12 de 2 a 3 a\u00f1os.<\/p>\n","protected":false},"excerpt":{"rendered":"<div class=\"mh-excerpt\">La consellera de Educaci\u00f3n, Cultura y Deporte, Mar\u00eda Jos\u00e9 Catal\u00e0 ha manifestado esta ma\u00f1ana, en su visita a la escuela infantil Riu Turia de Riba-roja, que su departamento ha incrementado las ayudas para la escolarizaci\u00f3n <a class=\"mh-excerpt-more\" href=\"https:\/\/www.tucomarca.com\/wordpress\/segunda\/maria-jose-catala-visita-la-escuela-infantil-%c2%abriu-turia%c2%bb-de-riba-roja\/\" title=\"Mar\u00eda Jos\u00e9 Catal\u00e1 visita la escuela infantil \u00abRiu Turia\u00bb de Riba-roja\">[+] <\/a><\/div>\n","protected":false},"author":1,"featured_media":10811,"comment_status":"open","ping_status":"open","sticky":false,"template":"","format":"standard","meta":{"footnotes":""},"categories":[46,7,182,3,45],"tags":[],"class_list":{"0":"post-10810","1":"post","2":"type-post","3":"status-publish","4":"format-standard","5":"has-post-thumbnail","7":"category-camp-de-turia","8":"category-ocio-y-cultura","9":"category-riba-roja","10":"category-seccion","11":"category-ventana"},"_links":{"self":[{"href":"https:\/\/www.tucomarca.com\/wordpress\/segunda\/wp-json\/wp\/v2\/posts\/10810","targetHints":{"allow":["GET"]}}],"collection":[{"href":"https:\/\/www.tucomarca.com\/wordpress\/segunda\/wp-json\/wp\/v2\/posts"}],"about":[{"href":"https:\/\/www.tucomarca.com\/wordpress\/segunda\/wp-json\/wp\/v2\/types\/post"}],"author":[{"embeddable":true,"href":"https:\/\/www.tucomarca.com\/wordpress\/segunda\/wp-json\/wp\/v2\/users\/1"}],"replies":[{"embeddable":true,"href":"https:\/\/www.tucomarca.com\/wordpress\/segunda\/wp-json\/wp\/v2\/comments?post=10810"}],"version-history":[{"count":0,"href":"https:\/\/www.tucomarca.com\/wordpress\/segunda\/wp-json\/wp\/v2\/posts\/10810\/revisions"}],"wp:featuredmedia":[{"embeddable":true,"href":"https:\/\/www.tucomarca.com\/wordpress\/segunda\/wp-json\/wp\/v2\/media\/10811"}],"wp:attachment":[{"href":"https:\/\/www.tucomarca.com\/wordpress\/segunda\/wp-json\/wp\/v2\/media?parent=10810"}],"wp:term":[{"taxonomy":"category","embeddable":true,"href":"https:\/\/www.tucomarca.com\/wordpress\/segunda\/wp-json\/wp\/v2\/categories?post=10810"},{"taxonomy":"post_tag","embeddable":true,"href":"https:\/\/www.tucomarca.com\/wordpress\/segunda\/wp-json\/wp\/v2\/tags?post=10810"}],"curies":[{"name":"wp","href":"https:\/\/api.w.org\/{rel}","templated":true}]}}