{"id":108252,"date":"2020-06-09T12:31:30","date_gmt":"2020-06-09T10:31:30","guid":{"rendered":"http:\/\/www.tucomarca.com\/wordpress\/segunda\/?p=108252"},"modified":"2020-06-09T12:31:32","modified_gmt":"2020-06-09T10:31:32","slug":"la-falla-placa-del-mercat-de-turis-anuncia-la-continuidad-de-sus-representantes-para-2021","status":"publish","type":"post","link":"https:\/\/www.tucomarca.com\/wordpress\/segunda\/la-falla-placa-del-mercat-de-turis-anuncia-la-continuidad-de-sus-representantes-para-2021\/","title":{"rendered":"La Falla Pla\u00e7a del Mercat de Tur\u00eds anuncia la continuidad de sus representantes para 2021"},"content":{"rendered":"\n<p>Tras la pr\u00f3rroga de las Fallas a marzo de 2021, y en Asamblea Informativa Telem\u00e1tica, se ha ratificado por unanimidad la continuidad de los representantes de la Falla Pla\u00e7a del Mercat de Tur\u00eds:<\/p>\n\n\n\n<p>Fallera Mayor Infantil 2020 &#8211; 2021: Mar\u00eda Mart\u00ednez Cama\u00f1es<\/p>\n\n\n\n<p>Presidente Infantil 2020 &#8211; 2021: Tom\u00e1s Gonz\u00e1lez Gim\u00e9nez<\/p>\n\n\n\n<p>Fallera Mayor 2020 &#8211; 2021: Ver\u00f3nica Sanchis G\u00f3mez<\/p>\n\n\n\n<p>\u00abQueremos desear unas maravillosas Fallas 2021 a los tres y a toda la comisi\u00f3n A.C. Falla Pla\u00e7a del Mercat de Tur\u00eds. Estamos seguros que trabajareis duro para disfrutar el pr\u00f3ximo mes de marzo\u00bb, han manifestado desde la comisi\u00f3n.<\/p>\n","protected":false},"excerpt":{"rendered":"<div class=\"mh-excerpt\">Tras la pr\u00f3rroga de las Fallas a marzo de 2021, y en Asamblea Informativa Telem\u00e1tica, se ha ratificado por unanimidad la continuidad de los representantes de la Falla Pla\u00e7a del Mercat de Tur\u00eds: Fallera Mayor <a class=\"mh-excerpt-more\" href=\"https:\/\/www.tucomarca.com\/wordpress\/segunda\/la-falla-placa-del-mercat-de-turis-anuncia-la-continuidad-de-sus-representantes-para-2021\/\" title=\"La Falla Pla\u00e7a del Mercat de Tur\u00eds anuncia la continuidad de sus representantes para 2021\">[+] <\/a><\/div>\n","protected":false},"author":12,"featured_media":108256,"comment_status":"open","ping_status":"open","sticky":false,"template":"","format":"standard","meta":{"footnotes":""},"categories":[119,12201,8,42,5,383,3,116,43],"tags":[11937,11938,12223,3640,10394],"class_list":{"0":"post-108252","1":"post","2":"type-post","3":"status-publish","4":"format-standard","5":"has-post-thumbnail","7":"category-sanidad-la-comarca","8":"category-covid-19","9":"category-la-comarca","10":"category-la-ribera","11":"category-la-semana-en-imagenes","12":"category-pueblos-en-fiestas","13":"category-seccion","14":"category-sucesos-la-comarca","15":"category-turis","16":"tag-coronavirus","17":"tag-covid-19","18":"tag-falla-placa-del-mercat","19":"tag-la-ribera-alta","20":"tag-turis"},"_links":{"self":[{"href":"https:\/\/www.tucomarca.com\/wordpress\/segunda\/wp-json\/wp\/v2\/posts\/108252","targetHints":{"allow":["GET"]}}],"collection":[{"href":"https:\/\/www.tucomarca.com\/wordpress\/segunda\/wp-json\/wp\/v2\/posts"}],"about":[{"href":"https:\/\/www.tucomarca.com\/wordpress\/segunda\/wp-json\/wp\/v2\/types\/post"}],"author":[{"embeddable":true,"href":"https:\/\/www.tucomarca.com\/wordpress\/segunda\/wp-json\/wp\/v2\/users\/12"}],"replies":[{"embeddable":true,"href":"https:\/\/www.tucomarca.com\/wordpress\/segunda\/wp-json\/wp\/v2\/comments?post=108252"}],"version-history":[{"count":0,"href":"https:\/\/www.tucomarca.com\/wordpress\/segunda\/wp-json\/wp\/v2\/posts\/108252\/revisions"}],"wp:featuredmedia":[{"embeddable":true,"href":"https:\/\/www.tucomarca.com\/wordpress\/segunda\/wp-json\/wp\/v2\/media\/108256"}],"wp:attachment":[{"href":"https:\/\/www.tucomarca.com\/wordpress\/segunda\/wp-json\/wp\/v2\/media?parent=108252"}],"wp:term":[{"taxonomy":"category","embeddable":true,"href":"https:\/\/www.tucomarca.com\/wordpress\/segunda\/wp-json\/wp\/v2\/categories?post=108252"},{"taxonomy":"post_tag","embeddable":true,"href":"https:\/\/www.tucomarca.com\/wordpress\/segunda\/wp-json\/wp\/v2\/tags?post=108252"}],"curies":[{"name":"wp","href":"https:\/\/api.w.org\/{rel}","templated":true}]}}