{"id":108297,"date":"2020-06-09T23:04:01","date_gmt":"2020-06-09T21:04:01","guid":{"rendered":"http:\/\/www.tucomarca.com\/wordpress\/segunda\/?p=108297"},"modified":"2020-06-09T23:04:03","modified_gmt":"2020-06-09T21:04:03","slug":"la-comunitat-suma-dos-nuevos-fallecidos-mientras-las-personas-ingresadas-por-coronavirus-se-reducen-un-10-en-las-ultimas-24-horas","status":"publish","type":"post","link":"https:\/\/www.tucomarca.com\/wordpress\/segunda\/la-comunitat-suma-dos-nuevos-fallecidos-mientras-las-personas-ingresadas-por-coronavirus-se-reducen-un-10-en-las-ultimas-24-horas\/","title":{"rendered":"La Comunitat suma dos nuevos fallecidos mientras las personas ingresadas por coronavirus se reducen un 10% en las \u00faltimas 24 horas"},"content":{"rendered":"\n<p>Las altas a pacientes con coronavirus en la Comunitat Valenciana ascienden ya a 13.105. Desde la \u00faltima actualizaci\u00f3n se han registrado 113 nuevas altas, por lo que el porcentaje respecto al n\u00famero de casos positivos es ya del 77,2%. Por provincias: 1.572 en la provincia de Castell\u00f3n, 4.601 en la de Alicante y 6.927 en la de Valencia, a las que hay que sumar otras 5 correspondientes a casos de personas desplazadas.&nbsp;<\/p>\n\n\n\n<p>El n\u00famero de personas ingresadas por coronavirus en los hospitales valencianos, por su parte, ha descendido un 10% en las \u00faltimas 24 horas, y se sit\u00faa en estos momentos en 137 personas: 10 en la provincia de Castell\u00f3n, de ellas 3 en la UCI; 50 en la provincia de Alicante, de ellas 9 en la UCI; y 77 en la provincia de Valencia, de ellas 5 en la UCI.<\/p>\n\n\n\n<p>En cuanto a casos positivos nuevos, desde la actualizaci\u00f3n de este lunes se han detectado 10 casos a trav\u00e9s de PCR que elevan a 11.342 el total de positivos desde que comenz\u00f3 la pandemia. Por provincias: 0 en Castell\u00f3n (1.583 en total); 1 en la provincia de Alicante (3.936 en total); y 9 en la provincia de Valencia (5.818 en total). Hay que sumar tambi\u00e9n 5 casos no asignados de d\u00edas anteriores.&nbsp;<\/p>\n\n\n\n<p>En estos momentos, quedan activos 2.424 casos, un 14,2% de todos los casos detectados desde el inicio de la pandemia.<\/p>\n\n\n\n<p>El n\u00famero de altas de profesionales de la Sanidad es de 2.239 y el n\u00famero total de positivos en profesionales en estos momentos es de 506.<\/p>\n\n\n\n<p>Se han notificado dos nuevos fallecimientos por coronavirus, por lo que el total asciende a 1.450 personas. Por provincias: 222 en la provincia de Castell\u00f3n, 507 en la de Alicante y 721 en la provincia de Valencia.<\/p>\n\n\n\n<p>El n\u00famero total de pruebas llevadas a cabo para la detecci\u00f3n del coronavirus han sido 368.529 de las cuales 258.512 han sido a trav\u00e9s de PCR y 110.017 a trav\u00e9s de test r\u00e1pido.<\/p>\n\n\n\n<p><strong>Actualizaci\u00f3n de la situaci\u00f3n en residencias<\/strong><\/p>\n\n\n\n<p>A d\u00eda de hoy hay alg\u00fan caso positivo en 58 centros (7 en la provincia de Castell\u00f3n, 16 en la de Alicante y 35 en la provincia de Valencia).<\/p>\n\n\n\n<p>\u00b7 Residentes nuevos positivos: 0<\/p>\n\n\n\n<p>\u00b7 Personal nuevo positivos: 0<\/p>\n\n\n\n<p>\u00b7 Residentes que han fallecido: 0<\/p>\n\n\n\n<p>En estos momentos, se encuentran bajo vigilancia activa de control sanitario 28 residencias en la Comunitat Valenciana: 8 en la provincia de Castell\u00f3n, 7 en la provincia de Alicante y 13 en la provincia de Valencia.<\/p>\n","protected":false},"excerpt":{"rendered":"<div class=\"mh-excerpt\">Las altas a pacientes con coronavirus en la Comunitat Valenciana ascienden ya a 13.105. Desde la \u00faltima actualizaci\u00f3n se han registrado 113 nuevas altas, por lo que el porcentaje respecto al n\u00famero de casos positivos <a class=\"mh-excerpt-more\" href=\"https:\/\/www.tucomarca.com\/wordpress\/segunda\/la-comunitat-suma-dos-nuevos-fallecidos-mientras-las-personas-ingresadas-por-coronavirus-se-reducen-un-10-en-las-ultimas-24-horas\/\" title=\"La Comunitat suma dos nuevos fallecidos mientras las personas ingresadas por coronavirus se reducen un 10% en las \u00faltimas 24 horas\">[+] <\/a><\/div>\n","protected":false},"author":1,"featured_media":103667,"comment_status":"open","ping_status":"open","sticky":false,"template":"","format":"standard","meta":{"footnotes":""},"categories":[119,128,8,72,117,142,3,116,45],"tags":[11937,11938,11951],"class_list":{"0":"post-108297","1":"post","2":"type-post","3":"status-publish","4":"format-standard","5":"has-post-thumbnail","7":"category-sanidad-la-comarca","8":"category-infraestructuras","9":"category-la-comarca","10":"category-sin-categorizar","11":"category-medio-ambiente-la-comarca","12":"category-politica-la-comarca","13":"category-seccion","14":"category-sucesos-la-comarca","15":"category-ventana","16":"tag-coronavirus","17":"tag-covid-19","18":"tag-covid2019"},"_links":{"self":[{"href":"https:\/\/www.tucomarca.com\/wordpress\/segunda\/wp-json\/wp\/v2\/posts\/108297","targetHints":{"allow":["GET"]}}],"collection":[{"href":"https:\/\/www.tucomarca.com\/wordpress\/segunda\/wp-json\/wp\/v2\/posts"}],"about":[{"href":"https:\/\/www.tucomarca.com\/wordpress\/segunda\/wp-json\/wp\/v2\/types\/post"}],"author":[{"embeddable":true,"href":"https:\/\/www.tucomarca.com\/wordpress\/segunda\/wp-json\/wp\/v2\/users\/1"}],"replies":[{"embeddable":true,"href":"https:\/\/www.tucomarca.com\/wordpress\/segunda\/wp-json\/wp\/v2\/comments?post=108297"}],"version-history":[{"count":0,"href":"https:\/\/www.tucomarca.com\/wordpress\/segunda\/wp-json\/wp\/v2\/posts\/108297\/revisions"}],"wp:featuredmedia":[{"embeddable":true,"href":"https:\/\/www.tucomarca.com\/wordpress\/segunda\/wp-json\/wp\/v2\/media\/103667"}],"wp:attachment":[{"href":"https:\/\/www.tucomarca.com\/wordpress\/segunda\/wp-json\/wp\/v2\/media?parent=108297"}],"wp:term":[{"taxonomy":"category","embeddable":true,"href":"https:\/\/www.tucomarca.com\/wordpress\/segunda\/wp-json\/wp\/v2\/categories?post=108297"},{"taxonomy":"post_tag","embeddable":true,"href":"https:\/\/www.tucomarca.com\/wordpress\/segunda\/wp-json\/wp\/v2\/tags?post=108297"}],"curies":[{"name":"wp","href":"https:\/\/api.w.org\/{rel}","templated":true}]}}