{"id":108342,"date":"2020-06-10T13:50:13","date_gmt":"2020-06-10T11:50:13","guid":{"rendered":"http:\/\/www.tucomarca.com\/wordpress\/segunda\/?p=108342"},"modified":"2020-06-10T13:50:16","modified_gmt":"2020-06-10T11:50:16","slug":"video-el-cd-bunol-anuncia-la-renovacion-de-su-tecnico-adrian-ferrandis-para-la-proxima-temporada","status":"publish","type":"post","link":"https:\/\/www.tucomarca.com\/wordpress\/segunda\/video-el-cd-bunol-anuncia-la-renovacion-de-su-tecnico-adrian-ferrandis-para-la-proxima-temporada\/","title":{"rendered":"V\u00eddeo: El CD Bu\u00f1ol anuncia la renovaci\u00f3n de su t\u00e9cnico, Adri\u00e1n Ferrandis, para la pr\u00f3xima temporada"},"content":{"rendered":"\n<figure class=\"wp-block-embed-youtube wp-block-embed is-type-video is-provider-youtube wp-embed-aspect-16-9 wp-has-aspect-ratio\"><div class=\"wp-block-embed__wrapper\">\n<iframe loading=\"lazy\" title=\"Renovaci\u00f3n de Adri\u00e1n Ferrandis para la Temporada 2020\/2021\" width=\"500\" height=\"281\" src=\"https:\/\/www.youtube.com\/embed\/jEV0VVt7Wf4?feature=oembed\" frameborder=\"0\" allow=\"accelerometer; autoplay; clipboard-write; encrypted-media; gyroscope; picture-in-picture; web-share\" referrerpolicy=\"strict-origin-when-cross-origin\" allowfullscreen><\/iframe>\n<\/div><\/figure>\n\n\n\n<p>El Club Deportivo Bu\u00f1ol ha anunciado mediante la realizaci\u00f3n de un v\u00eddeo la renovaci\u00f3n de su actual t\u00e9cnico, Adri\u00e1n Ferrandis, para la pr\u00f3xima temporada deportiva 2020-2021.<\/p>\n","protected":false},"excerpt":{"rendered":"<div class=\"mh-excerpt\">El Club Deportivo Bu\u00f1ol ha anunciado mediante la realizaci\u00f3n de un v\u00eddeo la renovaci\u00f3n de su actual t\u00e9cnico, Adri\u00e1n Ferrandis, para la pr\u00f3xima temporada deportiva 2020-2021.<\/div>\n","protected":false},"author":1,"featured_media":108347,"comment_status":"open","ping_status":"open","sticky":false,"template":"","format":"video","meta":{"footnotes":""},"categories":[18,50,6,10,3,26],"tags":[537,10379,10661],"class_list":{"0":"post-108342","1":"post","2":"type-post","3":"status-publish","4":"format-video","5":"has-post-thumbnail","7":"category-bunol","8":"category-futbol-deportes","9":"category-deportes","10":"category-la-hoya","11":"category-seccion","12":"category-video","13":"tag-cd-bunol","14":"tag-deportes","15":"tag-esports","16":"post_format-post-format-video"},"_links":{"self":[{"href":"https:\/\/www.tucomarca.com\/wordpress\/segunda\/wp-json\/wp\/v2\/posts\/108342","targetHints":{"allow":["GET"]}}],"collection":[{"href":"https:\/\/www.tucomarca.com\/wordpress\/segunda\/wp-json\/wp\/v2\/posts"}],"about":[{"href":"https:\/\/www.tucomarca.com\/wordpress\/segunda\/wp-json\/wp\/v2\/types\/post"}],"author":[{"embeddable":true,"href":"https:\/\/www.tucomarca.com\/wordpress\/segunda\/wp-json\/wp\/v2\/users\/1"}],"replies":[{"embeddable":true,"href":"https:\/\/www.tucomarca.com\/wordpress\/segunda\/wp-json\/wp\/v2\/comments?post=108342"}],"version-history":[{"count":0,"href":"https:\/\/www.tucomarca.com\/wordpress\/segunda\/wp-json\/wp\/v2\/posts\/108342\/revisions"}],"wp:featuredmedia":[{"embeddable":true,"href":"https:\/\/www.tucomarca.com\/wordpress\/segunda\/wp-json\/wp\/v2\/media\/108347"}],"wp:attachment":[{"href":"https:\/\/www.tucomarca.com\/wordpress\/segunda\/wp-json\/wp\/v2\/media?parent=108342"}],"wp:term":[{"taxonomy":"category","embeddable":true,"href":"https:\/\/www.tucomarca.com\/wordpress\/segunda\/wp-json\/wp\/v2\/categories?post=108342"},{"taxonomy":"post_tag","embeddable":true,"href":"https:\/\/www.tucomarca.com\/wordpress\/segunda\/wp-json\/wp\/v2\/tags?post=108342"}],"curies":[{"name":"wp","href":"https:\/\/api.w.org\/{rel}","templated":true}]}}