{"id":108354,"date":"2020-06-10T20:19:44","date_gmt":"2020-06-10T18:19:44","guid":{"rendered":"http:\/\/www.tucomarca.com\/wordpress\/segunda\/?p=108354"},"modified":"2020-06-10T20:19:47","modified_gmt":"2020-06-10T18:19:47","slug":"la-conselleria-de-vivienda-licita-las-obras-de-rehabilitacion-de-los-elementos-comunes-del-grupo-de-vivienda-publica-de-riba-roja-de-turia","status":"publish","type":"post","link":"https:\/\/www.tucomarca.com\/wordpress\/segunda\/la-conselleria-de-vivienda-licita-las-obras-de-rehabilitacion-de-los-elementos-comunes-del-grupo-de-vivienda-publica-de-riba-roja-de-turia\/","title":{"rendered":"La Conselleria de Vivienda licita las obras de rehabilitaci\u00f3n de los elementos comunes del grupo de vivienda p\u00fablica de Riba-Roja de T\u00faria"},"content":{"rendered":"\n<p><strong>La actuaci\u00f3n supondr\u00e1 una inversi\u00f3n aproximada de 556.600 euros&nbsp;<\/strong><\/p>\n\n\n\n<p><strong>La licitaci\u00f3n se ha retrasado unos meses debido a la paralizaci\u00f3n de la obra p\u00fablica por la COVID-19<\/strong><\/p>\n\n\n\n<p>La Vicepresidencia Segunda y Conselleria de Vivienda y Arquitectura Bioclim\u00e1tica, a trav\u00e9s de la Entitat Valenciana d\u00b4Habitatge i S\u00f2l (EVha), ha licitado las obras de rehabilitaci\u00f3n de elementos comunes del grupo de 104 viviendas p\u00fablicas en Riba-Roja de T\u00faria por un importe de 556.00 euros.&nbsp;<\/p>\n\n\n\n<p>Esta es una de las actuaciones que la Conselleria ten\u00eda previsto licitar en marzo, pero la paralizaci\u00f3n de la obra p\u00fablica obligada por la crisis de la COVID-19 ha motivado el retraso de su publicaci\u00f3n.&nbsp;<\/p>\n\n\n\n<p>Estas obras se enmarcan en los Planes de Intervenci\u00f3n Integral Sostenible (PIINS) que la Generalitat est\u00e1 desarrollando para dignificar y mejorar las condiciones de determinados grupos de vivienda p\u00fablica, como el Ribarroja del T\u00faria. Unas actuaciones que tambi\u00e9n se complementan con medidas de atenci\u00f3n social y normalizaci\u00f3n de ocupaci\u00f3n de las viviendas.&nbsp;<\/p>\n\n\n\n<p>Concretamente, este grupo en el que est\u00e1 prevista la intervenci\u00f3n est\u00e1 formado por tres bloques lineales de cuatro alturas, que albergan un total de 104 viviendas.&nbsp;<\/p>\n\n\n\n<p>La actuaci\u00f3n prevista incluye la reparaci\u00f3n de las fachadas, grietas y fisuras, pintado de rejas, sustituci\u00f3n de lamas de galer\u00eda, de ladrillos y arranques. Se llevar\u00e1 a cabo una limpieza de la cubierta, instalaci\u00f3n de rejilla de protecci\u00f3n en los sumideros y se reparar\u00e1 la cornisa de hormig\u00f3n.&nbsp;<\/p>\n\n\n\n<p>En los zaguanes y escaleras, se demoler\u00e1 y colocar\u00e1 nuevas piezas de umbral de entrada de los accesos. Se limpiar\u00e1n y reparar\u00e1n el pavimento y pelda\u00f1eado de terrazo, rellanos intermedios y escaleras, sustituyendo las piezas da\u00f1adas. Tambi\u00e9n se renovar\u00e1n los elementos met\u00e1licos de barandillas y escaleras, la instalaci\u00f3n el\u00e9ctrica y de protecci\u00f3n contra incendios, se repondr\u00e1n los porteros electr\u00f3nicos y la red de saneamiento. Del mismo modo, se reparar\u00e1n o renovar\u00e1n las puertas de acceso a los zaguanes, la ventanas de las escaleras y se colocar\u00e1n nuevos buzones.&nbsp;<\/p>\n\n\n\n<p>El director general de EVha, Alberto Aznar, ha asegurado que las pol\u00edticas de rehabilitaci\u00f3n de los \u00faltimos a\u00f1os \u00abhan permitido mejorar en cierta medida el parque de viviendas existente, pero sigue siendo prioritario abordar las \u00e1reas m\u00e1s sensibles y degradadas y apoyar a los sectores de la poblaci\u00f3n m\u00e1s vulnerables que tienen grandes dificultades para acceder a esa rehabilitaci\u00f3n\u00bb.&nbsp;<\/p>\n\n\n\n<p>El plazo de presentaci\u00f3n de ofertas finalizar\u00e1 el pr\u00f3ximo 1 de julio, a las 14 horas. Pueden obtener informaci\u00f3n de la licitaci\u00f3n en la plataforma de contrataci\u00f3n estatal.<\/p>\n","protected":false},"excerpt":{"rendered":"<div class=\"mh-excerpt\">La actuaci\u00f3n supondr\u00e1 una inversi\u00f3n aproximada de 556.600 euros&nbsp; La licitaci\u00f3n se ha retrasado unos meses debido a la paralizaci\u00f3n de la obra p\u00fablica por la COVID-19 La Vicepresidencia Segunda y Conselleria de Vivienda y <a class=\"mh-excerpt-more\" href=\"https:\/\/www.tucomarca.com\/wordpress\/segunda\/la-conselleria-de-vivienda-licita-las-obras-de-rehabilitacion-de-los-elementos-comunes-del-grupo-de-vivienda-publica-de-riba-roja-de-turia\/\" title=\"La Conselleria de Vivienda licita las obras de rehabilitaci\u00f3n de los elementos comunes del grupo de vivienda p\u00fablica de Riba-Roja de T\u00faria\">[+] <\/a><\/div>\n","protected":false},"author":12,"featured_media":108361,"comment_status":"open","ping_status":"open","sticky":false,"template":"","format":"standard","meta":{"footnotes":""},"categories":[46,119,12201,128,8,142,182,3,116],"tags":[10631,4016,12233,11937,11938,11951],"class_list":{"0":"post-108354","1":"post","2":"type-post","3":"status-publish","4":"format-standard","5":"has-post-thumbnail","7":"category-camp-de-turia","8":"category-sanidad-la-comarca","9":"category-covid-19","10":"category-infraestructuras","11":"category-la-comarca","12":"category-politica-la-comarca","13":"category-riba-roja","14":"category-seccion","15":"category-sucesos-la-comarca","16":"tag-ajuntament-de-riba-roja","17":"tag-comarca-camp-de-turia","18":"tag-conselleria-de-vivienda","19":"tag-coronavirus","20":"tag-covid-19","21":"tag-covid2019"},"_links":{"self":[{"href":"https:\/\/www.tucomarca.com\/wordpress\/segunda\/wp-json\/wp\/v2\/posts\/108354","targetHints":{"allow":["GET"]}}],"collection":[{"href":"https:\/\/www.tucomarca.com\/wordpress\/segunda\/wp-json\/wp\/v2\/posts"}],"about":[{"href":"https:\/\/www.tucomarca.com\/wordpress\/segunda\/wp-json\/wp\/v2\/types\/post"}],"author":[{"embeddable":true,"href":"https:\/\/www.tucomarca.com\/wordpress\/segunda\/wp-json\/wp\/v2\/users\/12"}],"replies":[{"embeddable":true,"href":"https:\/\/www.tucomarca.com\/wordpress\/segunda\/wp-json\/wp\/v2\/comments?post=108354"}],"version-history":[{"count":0,"href":"https:\/\/www.tucomarca.com\/wordpress\/segunda\/wp-json\/wp\/v2\/posts\/108354\/revisions"}],"wp:featuredmedia":[{"embeddable":true,"href":"https:\/\/www.tucomarca.com\/wordpress\/segunda\/wp-json\/wp\/v2\/media\/108361"}],"wp:attachment":[{"href":"https:\/\/www.tucomarca.com\/wordpress\/segunda\/wp-json\/wp\/v2\/media?parent=108354"}],"wp:term":[{"taxonomy":"category","embeddable":true,"href":"https:\/\/www.tucomarca.com\/wordpress\/segunda\/wp-json\/wp\/v2\/categories?post=108354"},{"taxonomy":"post_tag","embeddable":true,"href":"https:\/\/www.tucomarca.com\/wordpress\/segunda\/wp-json\/wp\/v2\/tags?post=108354"}],"curies":[{"name":"wp","href":"https:\/\/api.w.org\/{rel}","templated":true}]}}