{"id":108630,"date":"2020-06-15T18:30:32","date_gmt":"2020-06-15T16:30:32","guid":{"rendered":"http:\/\/www.tucomarca.com\/wordpress\/segunda\/?p=108630"},"modified":"2020-06-15T18:30:34","modified_gmt":"2020-06-15T16:30:34","slug":"cheste-contara-con-un-ciclo-de-autocine-gratuito-en-julio-con-peliculas-elegidas-por-la-ciudadania","status":"publish","type":"post","link":"https:\/\/www.tucomarca.com\/wordpress\/segunda\/cheste-contara-con-un-ciclo-de-autocine-gratuito-en-julio-con-peliculas-elegidas-por-la-ciudadania\/","title":{"rendered":"Cheste contar\u00e1 con un ciclo de autocine gratuito en julio con pel\u00edculas elegidas por la ciudadan\u00eda"},"content":{"rendered":"\n<p>La concejal\u00eda de Fiestas ha programado un ciclo de autocine gratuito en el aparcamiento del polideportivo durante los viernes del mes de julio. En total se programar\u00e1n cuatro sesiones y la hora de inicio ser\u00e1 a las 22,30 horas.&nbsp;<\/p>\n\n\n\n<p>\u201cHemos hecho una selecci\u00f3n de diez posibles pel\u00edculas y queremos que sea la gente la que elija los t\u00edtulos definitivos, por lo que finalmente se proyectar\u00e1n los cuatro que cuenten con m\u00e1sme gusta en la p\u00e1gina de Facebook del Ayuntamiento\u201d, ha explicado el concejal de Fiestas, Ra\u00fal Mota. \u201cPensamos que involucrar a los chestanos y chestanas es una buena forma de fomentar la participaci\u00f3n en las actividades que programamos desde el Ayuntamiento\u201d.<\/p>\n\n\n\n<p>Las pel\u00edculas entre las que saldr\u00e1n las cuatro finalistas son: <em>\u00bfQu\u00e9 te juegas?, El rascacielos, El Reino, La Casa del reloj en la pared, La casa torcida, Megalod\u00f3n, Men in Black: International, Mentes poderosas, Spiderman: Lejos de casa <\/em>y<em> Valerian y la ciudad de los mil planetas.&nbsp;<\/em><\/p>\n\n\n\n<p>\u201cNos pareci\u00f3 que programar sesiones de autocine era una iniciativa original por explotar, sobretodo en la situaci\u00f3n actual, ya que se trata de una manera diferente de ver cine en la que se puede respetar la distancia interpersonal con facilidad, puesto que la idea es no salir del coche\u201d, ha apuntado Mota.<\/p>\n\n\n\n<p>El pr\u00f3ximo lunes, 22 de junio, se publicar\u00e1n los t\u00edtulos de las cuatro pel\u00edculas que han sumado m\u00e1s me gusta durante la semana y que pasar\u00e1n a formar parte de la programaci\u00f3n de autocine de los pr\u00f3ximos 3, 10, 17 y 24 de julio.<br><\/p>\n","protected":false},"excerpt":{"rendered":"<div class=\"mh-excerpt\">La concejal\u00eda de Fiestas ha programado un ciclo de autocine gratuito en el aparcamiento del polideportivo durante los viernes del mes de julio. En total se programar\u00e1n cuatro sesiones y la hora de inicio ser\u00e1 <a class=\"mh-excerpt-more\" href=\"https:\/\/www.tucomarca.com\/wordpress\/segunda\/cheste-contara-con-un-ciclo-de-autocine-gratuito-en-julio-con-peliculas-elegidas-por-la-ciudadania\/\" title=\"Cheste contar\u00e1 con un ciclo de autocine gratuito en julio con pel\u00edculas elegidas por la ciudadan\u00eda\">[+] <\/a><\/div>\n","protected":false},"author":1,"featured_media":108631,"comment_status":"open","ping_status":"open","sticky":false,"template":"","format":"standard","meta":{"footnotes":""},"categories":[4,17,12201,128,8,10,7,142,3,116],"tags":[339,11937,11938,11951,5952],"class_list":{"0":"post-108630","1":"post","2":"type-post","3":"status-publish","4":"format-standard","5":"has-post-thumbnail","7":"category-agenda","8":"category-cheste","9":"category-covid-19","10":"category-infraestructuras","11":"category-la-comarca","12":"category-la-hoya","13":"category-ocio-y-cultura","14":"category-politica-la-comarca","15":"category-seccion","16":"category-sucesos-la-comarca","17":"tag-cheste-2","18":"tag-coronavirus","19":"tag-covid-19","20":"tag-covid2019","21":"tag-la-hoya-de-bunol-chiva"},"_links":{"self":[{"href":"https:\/\/www.tucomarca.com\/wordpress\/segunda\/wp-json\/wp\/v2\/posts\/108630","targetHints":{"allow":["GET"]}}],"collection":[{"href":"https:\/\/www.tucomarca.com\/wordpress\/segunda\/wp-json\/wp\/v2\/posts"}],"about":[{"href":"https:\/\/www.tucomarca.com\/wordpress\/segunda\/wp-json\/wp\/v2\/types\/post"}],"author":[{"embeddable":true,"href":"https:\/\/www.tucomarca.com\/wordpress\/segunda\/wp-json\/wp\/v2\/users\/1"}],"replies":[{"embeddable":true,"href":"https:\/\/www.tucomarca.com\/wordpress\/segunda\/wp-json\/wp\/v2\/comments?post=108630"}],"version-history":[{"count":0,"href":"https:\/\/www.tucomarca.com\/wordpress\/segunda\/wp-json\/wp\/v2\/posts\/108630\/revisions"}],"wp:featuredmedia":[{"embeddable":true,"href":"https:\/\/www.tucomarca.com\/wordpress\/segunda\/wp-json\/wp\/v2\/media\/108631"}],"wp:attachment":[{"href":"https:\/\/www.tucomarca.com\/wordpress\/segunda\/wp-json\/wp\/v2\/media?parent=108630"}],"wp:term":[{"taxonomy":"category","embeddable":true,"href":"https:\/\/www.tucomarca.com\/wordpress\/segunda\/wp-json\/wp\/v2\/categories?post=108630"},{"taxonomy":"post_tag","embeddable":true,"href":"https:\/\/www.tucomarca.com\/wordpress\/segunda\/wp-json\/wp\/v2\/tags?post=108630"}],"curies":[{"name":"wp","href":"https:\/\/api.w.org\/{rel}","templated":true}]}}