{"id":108659,"date":"2020-06-15T19:37:45","date_gmt":"2020-06-15T17:37:45","guid":{"rendered":"http:\/\/www.tucomarca.com\/wordpress\/segunda\/?p=108659"},"modified":"2020-06-15T19:37:48","modified_gmt":"2020-06-15T17:37:48","slug":"segundo-dia-sin-ingresos-por-coronavirus-en-los-hospitales-de-la-comunitat-valenciana","status":"publish","type":"post","link":"https:\/\/www.tucomarca.com\/wordpress\/segunda\/segundo-dia-sin-ingresos-por-coronavirus-en-los-hospitales-de-la-comunitat-valenciana\/","title":{"rendered":"Segundo d\u00eda sin ingresos por coronavirus en los hospitales de la Comunitat Valenciana"},"content":{"rendered":"\n<p>La Comunitat Valenciana registra el segundo d\u00eda consecutivo sin ingresos en hospitales por coronavirus. Este dato se suma al de pacientes curados, que quintuplican al n\u00famero de nuevos casos detectados en las \u00faltimas 24 horas. De esta forma, se han registrado 73 altas y solo 14 nuevos casos, por lo que el total de personas curadas se eleva ya a 13.828. La distribuci\u00f3n por provincias es la siguiente: 1.645 en la de Castell\u00f3n, 4.795 en la de Alicante y 7.383 en la de Valencia. A ellas hay que sumar otras 5 correspondientes a desplazados.&nbsp;<\/p>\n\n\n\n<p>En estos momentos hay solo 98 personas ingresadas en toda la Comunitat Valenciana, 12 de ellas en UCI: 8 en la provincia de Castell\u00f3n, sin pacientes en UCI; 37 en la provincia de Alicante, de ellos 6 en la UCI; y 53 en la provincia de Valencia, de ellos 6 en la UCI.<\/p>\n\n\n\n<p>En cuanto a casos positivos nuevos, desde la actualizaci\u00f3n de este domingo se han detectado 14 casos a trav\u00e9s de PCR, que elevan a 11.418 el total de positivos desde que comenz\u00f3 la pandemia. El desglose por provincias es este: 2 en Castell\u00f3n (1.593 en total); 1 en la provincia de Alicante (3.941 en total); y 11 en la provincia de Valencia (5.879 en total). Por otro lado, hay que sumar tambi\u00e9n 5 no asignados de d\u00edas anteriores (tres anteriores se han reasignado hoy a la provincia de Valencia).<\/p>\n\n\n\n<p>En estos momentos, quedan activos 2.186 casos, un 12,5% de todos los casos detectados desde el inicio de la pandemia.<\/p>\n\n\n\n<p>El n\u00famero de altas de profesionales sanitarios es de 2.256 y el n\u00famero total de positivos en profesionales en estos momentos es de 509.<\/p>\n\n\n\n<p>Se ha notificado un nuevo fallecimiento por coronavirus, por lo que el total asciende a 1.459 personas: 224 en la provincia de Castell\u00f3n, 507 en la de Alicante y 728 en la de Valencia.<\/p>\n\n\n\n<p>El n\u00famero total de pruebas llevadas a cabo para la detecci\u00f3n del coronavirus ha sido de 392.967, de las que 278.364 han sido a trav\u00e9s de PCR y 114.603 a trav\u00e9s de test r\u00e1pido.<\/p>\n\n\n\n<p><strong>Actualizaci\u00f3n de la situaci\u00f3n en residencias<\/strong><\/p>\n\n\n\n<p>Actualmente hay alg\u00fan caso positivo en 42 centros: 7 en la provincia de Castell\u00f3n, 8 en la de Alicante y 27 en la de Valencia.<\/p>\n\n\n\n<p>\u00b7 Residentes nuevos positivos: 1<\/p>\n\n\n\n<p>\u00b7 Trabajadores nuevos positivos: 1<\/p>\n\n\n\n<p>\u00b7 Residentes fallecidos: 1<\/p>\n\n\n\n<p>En estos momentos, se encuentran bajo vigilancia activa de control sanitario 28 residencias en la Comunitat Valenciana: 8 en la provincia de Castell\u00f3n, 7 en la provincia de Alicante y 13 en la provincia de Valencia.<\/p>\n","protected":false},"excerpt":{"rendered":"<div class=\"mh-excerpt\">La Comunitat Valenciana registra el segundo d\u00eda consecutivo sin ingresos en hospitales por coronavirus. Este dato se suma al de pacientes curados, que quintuplican al n\u00famero de nuevos casos detectados en las \u00faltimas 24 horas. <a class=\"mh-excerpt-more\" href=\"https:\/\/www.tucomarca.com\/wordpress\/segunda\/segundo-dia-sin-ingresos-por-coronavirus-en-los-hospitales-de-la-comunitat-valenciana\/\" title=\"Segundo d\u00eda sin ingresos por coronavirus en los hospitales de la Comunitat Valenciana\">[+] <\/a><\/div>\n","protected":false},"author":1,"featured_media":103782,"comment_status":"open","ping_status":"open","sticky":false,"template":"","format":"standard","meta":{"footnotes":""},"categories":[119,12201,128,8,72,117,142,3,116,45],"tags":[11937,11938,11951],"class_list":{"0":"post-108659","1":"post","2":"type-post","3":"status-publish","4":"format-standard","5":"has-post-thumbnail","7":"category-sanidad-la-comarca","8":"category-covid-19","9":"category-infraestructuras","10":"category-la-comarca","11":"category-sin-categorizar","12":"category-medio-ambiente-la-comarca","13":"category-politica-la-comarca","14":"category-seccion","15":"category-sucesos-la-comarca","16":"category-ventana","17":"tag-coronavirus","18":"tag-covid-19","19":"tag-covid2019"},"_links":{"self":[{"href":"https:\/\/www.tucomarca.com\/wordpress\/segunda\/wp-json\/wp\/v2\/posts\/108659","targetHints":{"allow":["GET"]}}],"collection":[{"href":"https:\/\/www.tucomarca.com\/wordpress\/segunda\/wp-json\/wp\/v2\/posts"}],"about":[{"href":"https:\/\/www.tucomarca.com\/wordpress\/segunda\/wp-json\/wp\/v2\/types\/post"}],"author":[{"embeddable":true,"href":"https:\/\/www.tucomarca.com\/wordpress\/segunda\/wp-json\/wp\/v2\/users\/1"}],"replies":[{"embeddable":true,"href":"https:\/\/www.tucomarca.com\/wordpress\/segunda\/wp-json\/wp\/v2\/comments?post=108659"}],"version-history":[{"count":0,"href":"https:\/\/www.tucomarca.com\/wordpress\/segunda\/wp-json\/wp\/v2\/posts\/108659\/revisions"}],"wp:featuredmedia":[{"embeddable":true,"href":"https:\/\/www.tucomarca.com\/wordpress\/segunda\/wp-json\/wp\/v2\/media\/103782"}],"wp:attachment":[{"href":"https:\/\/www.tucomarca.com\/wordpress\/segunda\/wp-json\/wp\/v2\/media?parent=108659"}],"wp:term":[{"taxonomy":"category","embeddable":true,"href":"https:\/\/www.tucomarca.com\/wordpress\/segunda\/wp-json\/wp\/v2\/categories?post=108659"},{"taxonomy":"post_tag","embeddable":true,"href":"https:\/\/www.tucomarca.com\/wordpress\/segunda\/wp-json\/wp\/v2\/tags?post=108659"}],"curies":[{"name":"wp","href":"https:\/\/api.w.org\/{rel}","templated":true}]}}