{"id":108732,"date":"2020-06-16T20:05:37","date_gmt":"2020-06-16T18:05:37","guid":{"rendered":"http:\/\/www.tucomarca.com\/wordpress\/segunda\/?p=108732"},"modified":"2020-06-16T20:05:42","modified_gmt":"2020-06-16T18:05:42","slug":"el-ayuntamiento-de-requena-informa-sobre-los-pasos-a-seguir-para-tramitar-el-ingreso-minimo-vital","status":"publish","type":"post","link":"https:\/\/www.tucomarca.com\/wordpress\/segunda\/el-ayuntamiento-de-requena-informa-sobre-los-pasos-a-seguir-para-tramitar-el-ingreso-minimo-vital\/","title":{"rendered":"El Ayuntamiento de Requena informa sobre los pasos a seguir para tramitar el Ingreso M\u00ednimo Vital"},"content":{"rendered":"\n<p><strong>El proceso se puede efectuar de manera \u00edntegra a trav\u00e9s del Instituto Nacional de la Seguridad Social<\/strong><\/p>\n\n\n\n<p>El consistorio requenense informa de que a partir de este lunes 15 de junio se puede empezar ya a tramitar el Ingreso&nbsp;M\u00ednimo Vital, un proceso que se puede gestionar de manera \u00edntegra a trav\u00e9s del Instituto Nacional de la Seguridad Social utilizando para ello la v\u00eda telem\u00e1tica, evitando as\u00ed colas y desplazamientos innecesarios.<\/p>\n\n\n\n<p>Para saber en qu\u00e9 consiste esta ayuda social, quienes pueden ser beneficiarios y los requisitos necesarios, las personas interesadas pueden informarse llamando al tel\u00e9fono 900202222 o bien accediendo a la web de la Seguridad Social:<\/p>\n\n\n\n<p><a href=\"https:\/\/sede.seg-social.gob.es\/wps\/portal\/sede\/sede\/Inicio\/!ut\/p\/z1\/04_Sj9CPykssy0xPLMnMz0vMAfIjo8zijQ3NTAwtDQx93A08XQ0cQ329Qy2NA40NLA31w8EKDHAARwP9KEL6o_ArMYAqwGNFcGqxfkFuhEGWiaMiAA_0buo!\/dz\/d5\/L2dBISEvZ0FBIS9nQSEh\/\">https:\/\/sede.seg-social.gob.es\/wps\/portal\/sede\/sede\/Inicio\/!ut\/p\/z1\/04_Sj9CPykssy0xPLMnMz0vMAfIjo8zijQ3NTAwtDQx93A08XQ0cQ329Qy2NA40NLA31w8EKDHAARwP9KEL6o_ArMYAqwGNFcGqxfkFuhEGWiaMiAA_0buo!\/dz\/d5\/L2dBISEvZ0FBIS9nQSEh\/<\/a><\/p>\n\n\n\n<p>Adem\u00e1s, la Oficina de la Seguridad Social ha creado un simulador en el que contestando algunas preguntas las personas que necesiten solicitarlo podr\u00e1n comprobar si cumplen los requisitos y el importe aproximado que le corresponder\u00eda.<\/p>\n\n\n\n<p>Se puede acceder al mismo a trav\u00e9s del siguiente enlace:<\/p>\n\n\n\n<p><a href=\"https:\/\/ingreso-minimo-vital.seg-social-innova.es\/simulador\">https:\/\/ingreso-minimo-vital.seg-social-innova.es\/simulador<\/a><\/p>\n\n\n\n<p>Por \u00faltimo se adjuntan en esta misma p\u00e1gina web los documentos realizados por el Ministerio de Inclusi\u00f3n, Seguridad Social y Migraciones, que explican c\u00f3mo solicitar este Ingreso M\u00ednimo Vital utilizando la v\u00eda telem\u00e1tica, as\u00ed como un fichero en el que se recogen sus condiciones formuladas en el Real Decreto-ley 20\/2020, de 29 de mayo.<br><\/p>\n","protected":false},"excerpt":{"rendered":"<div class=\"mh-excerpt\">El proceso se puede efectuar de manera \u00edntegra a trav\u00e9s del Instituto Nacional de la Seguridad Social El consistorio requenense informa de que a partir de este lunes 15 de junio se puede empezar ya <a class=\"mh-excerpt-more\" href=\"https:\/\/www.tucomarca.com\/wordpress\/segunda\/el-ayuntamiento-de-requena-informa-sobre-los-pasos-a-seguir-para-tramitar-el-ingreso-minimo-vital\/\" title=\"El Ayuntamiento de Requena informa sobre los pasos a seguir para tramitar el Ingreso M\u00ednimo Vital\">[+] <\/a><\/div>\n","protected":false},"author":12,"featured_media":108734,"comment_status":"open","ping_status":"open","sticky":false,"template":"","format":"standard","meta":{"footnotes":""},"categories":[119,12201,128,8,142,28,27,3,116],"tags":[2850,11937,11938,12257,10387],"class_list":{"0":"post-108732","1":"post","2":"type-post","3":"status-publish","4":"format-standard","5":"has-post-thumbnail","7":"category-sanidad-la-comarca","8":"category-covid-19","9":"category-infraestructuras","10":"category-la-comarca","11":"category-politica-la-comarca","12":"category-requena","13":"category-requena-utiel","14":"category-seccion","15":"category-sucesos-la-comarca","16":"tag-ayuntamiento-de-requena","17":"tag-coronavirus","18":"tag-covid-19","19":"tag-ingreso-minimo-vital","20":"tag-requena-utiel"},"_links":{"self":[{"href":"https:\/\/www.tucomarca.com\/wordpress\/segunda\/wp-json\/wp\/v2\/posts\/108732","targetHints":{"allow":["GET"]}}],"collection":[{"href":"https:\/\/www.tucomarca.com\/wordpress\/segunda\/wp-json\/wp\/v2\/posts"}],"about":[{"href":"https:\/\/www.tucomarca.com\/wordpress\/segunda\/wp-json\/wp\/v2\/types\/post"}],"author":[{"embeddable":true,"href":"https:\/\/www.tucomarca.com\/wordpress\/segunda\/wp-json\/wp\/v2\/users\/12"}],"replies":[{"embeddable":true,"href":"https:\/\/www.tucomarca.com\/wordpress\/segunda\/wp-json\/wp\/v2\/comments?post=108732"}],"version-history":[{"count":0,"href":"https:\/\/www.tucomarca.com\/wordpress\/segunda\/wp-json\/wp\/v2\/posts\/108732\/revisions"}],"wp:featuredmedia":[{"embeddable":true,"href":"https:\/\/www.tucomarca.com\/wordpress\/segunda\/wp-json\/wp\/v2\/media\/108734"}],"wp:attachment":[{"href":"https:\/\/www.tucomarca.com\/wordpress\/segunda\/wp-json\/wp\/v2\/media?parent=108732"}],"wp:term":[{"taxonomy":"category","embeddable":true,"href":"https:\/\/www.tucomarca.com\/wordpress\/segunda\/wp-json\/wp\/v2\/categories?post=108732"},{"taxonomy":"post_tag","embeddable":true,"href":"https:\/\/www.tucomarca.com\/wordpress\/segunda\/wp-json\/wp\/v2\/tags?post=108732"}],"curies":[{"name":"wp","href":"https:\/\/api.w.org\/{rel}","templated":true}]}}