{"id":108758,"date":"2020-06-16T21:14:04","date_gmt":"2020-06-16T19:14:04","guid":{"rendered":"http:\/\/www.tucomarca.com\/wordpress\/segunda\/?p=108758"},"modified":"2020-06-16T21:14:07","modified_gmt":"2020-06-16T19:14:07","slug":"el-pspv-psoe-de-la-hoya-aplaude-la-responsabilidad-ciudadana-a-la-que-califica-de-nuestra-mejor-herramienta-para-frenar-el-covid-19","status":"publish","type":"post","link":"https:\/\/www.tucomarca.com\/wordpress\/segunda\/el-pspv-psoe-de-la-hoya-aplaude-la-responsabilidad-ciudadana-a-la-que-califica-de-nuestra-mejor-herramienta-para-frenar-el-covid-19\/","title":{"rendered":"El PSPV-PSOE de La Hoya aplaude la responsabilidad ciudadana a la que califica de \u00abnuestra mejor herramienta\u00bb para frenar el Covid-19"},"content":{"rendered":"\n<p>\u00abHace tres meses aproximadamente que se decret\u00f3 en nuestro pa\u00eds el estado de alarma a consecuencia de la existencia del Covid-19.  El virus que ha generado en todo el mundo una gran mortalidad y un elevado n\u00famero de personas infectadas, algunas que  han podido vencer la enfermedad, otras que la pasaron apenas sin ning\u00fan s\u00edntoma y otras que lamentablemente han perdido la vida\u00bb, tal como han recordado desde el PSPV-PSOE de La Hoya de Bu\u00f1ol-Chiva.<\/p>\n\n\n\n<p>\u00abDespu\u00e9s de estos tres meses el virus todav\u00eda est\u00e1 entre nosotros. No hay por el momento una vacuna o un tratamiento que pueda garantizar seguridad plena a las personas. Por tanto lo \u00fanico que podemos oponer a este virus son medidas para evitar el contagio y las posibles consecuencias que de este se puedan derivar.  Consecuencias como la mayor propagaci\u00f3n de la enfermedad, las secuelas que esta pueda producir en las personas y hasta la perdida de la vida\u00bb, han a\u00f1adido.<\/p>\n\n\n\n<p>\u00abEn estos tres meses, expertos epidemiol\u00f3gos y autoridades sanitarias han guiado todas las decisiones que tanto el gobierno de Espa\u00f1a como el gobierno de la Comunidad Valenciana han ido tomando en funci\u00f3n de la evoluci\u00f3n de la pandemia\u00bb.<\/p>\n\n\n\n<p>\u00abEl confinamiento de personas, la higiene personal y las medidas de protecci\u00f3n individual,  han sido las mejores herramientas para frenar los contagios\u00bb.<\/p>\n\n\n\n<p>Pero esta realidad ha generado adem\u00e1s de la crisis sanitaria, una crisis social y econ\u00f3mica de gran magnitud. De ah\u00ed que el gobierno de Espa\u00f1a, el gobierno auton\u00f3mico y la gran mayor\u00eda de gobiernos locales \u00abhayan implementado medidas para atender a las personas m\u00e1s vulnerables, aquellas personas que por diversas razones han perdido sus ingresos y su  medio de vida\u00bb. <\/p>\n\n\n\n<p>\u00abEn estos meses se han legislado ayudas y prestaciones de muy diversa \u00edndole, para trabajadores a trav\u00e9s de los ERTES, para aut\u00f3nomos, para la agricultura y ganader\u00eda, para trabajos esenciales, etc. Desde el gobierno de Espa\u00f1a se ha puesto en marcha el Ingreso M\u00ednimo Vital para atender a personas y familias en riesgo de exclusi\u00f3n social\u00bb.<\/p>\n\n\n\n<p>\u00abEs cierto que implementar todas estas medidas no ha sido ni es f\u00e1cil,  requiere a su vez de medios t\u00e9cnicos y personales para ponerlas en marcha, pero poco a poco van llegando a las personas que lo necesitan\u00bb, han recalcado desde el PSOE de La Hoya.<\/p>\n\n\n\n<p>\u00abAlcaldesas, alcaldes, concejales y concejalas, representantes municipales y la de la sociedad civil de cada uno de los municipios de nuestra comarca han estado al frente de la toma de decisiones en cada momento, articulando medidas que en el \u00e1mbito de sus competencias pod\u00edan tomar.  Medidas de ampliaci\u00f3n de terrazas para bares y restaurantes sin coste alguno, ampliaci\u00f3n de plazos de tasas e impuestos municipales, aumento de la atenci\u00f3n en servicios sociales, pactos para la reconstrucci\u00f3n de las econom\u00edas locales, etc\u00e9tera\u00bb.<\/p>\n\n\n\n<p>\u00abNo ha sido nada f\u00e1cil el camino recorrido hasta ahora, y todav\u00eda queda trabajo por hacer,  aunque se haya podido reducir el contagio y la letalidad, no podemos bajar la vigilancia ni relajar las medidas de prevenci\u00f3n, un repunte de contagios nos llevar\u00eda a retroceder en el camino recorrido hasta ahora\u00bb.<\/p>\n\n\n\n<p>\u00abQuiz\u00e1 en este proceso se hayan podido cometer errores, pero nunca han tenido doblez, ni mucho menos  intereses personales o de otro tipo. El \u00fanico y verdadero objetivo de todas las decisiones tomadas en cualquiera de los \u00e1mbitos de decisi\u00f3n, municipal, auton\u00f3mica  o nacional, ha sido cuidar la salud de las personas y garantizar ingresos para preservar su dignidad\u00bb.<\/p>\n\n\n\n<p>\u00abTratar de sacar r\u00e9dito pol\u00edtico o electoral de esta situaci\u00f3n, alimentando el miedo y la inseguridad en las personas a base de mentiras, medias verdades, fake news y  bulos de todo tipo,  es una irresponsabilidad pol\u00edtica y una mezquindad ingente\u00bb.<\/p>\n\n\n\n<p>\u00abSeg\u00fan datos publicados, en nuestra comarca, una comarca peque\u00f1a de alrededor de cuarenta mil habitantes de derecho, y seguramente muchos m\u00e1s de hecho,  hemos tenido poco m\u00e1s de cien casos confirmados y muy pocos fallecimientos, lo que significa que nuestras y nuestros vecinos han actuado con gran responsabilidad\u00bb, han subrayado desde el PSPV-PSOE.<\/p>\n\n\n\n<p>\u00abAlcaldesas y alcaldes independientemente del partido al que representan han estado a la altura del momento. Al personal de las diferentes administraciones, sanitarios de nuestros ambulatorios que abrir\u00e1n seg\u00fan la nueva normalidad, polic\u00edas municipales, guardia civil, personal administrativo y t\u00e9cnico de ayuntamientos y organismos oficiales ubicados en nuestra comarca, a todos los trabajadores esenciales cualquiera que sea su trabajo,  a todas y a todos gracias. Y especialmente gracias  a todas y todos nuestros vecinos, vuestra responsabilidad ha sido nuestra mejor herramienta para frenar el Covid-19\u00bb, han finalizado.<\/p>\n","protected":false},"excerpt":{"rendered":"<div class=\"mh-excerpt\">\u00abHace tres meses aproximadamente que se decret\u00f3 en nuestro pa\u00eds el estado de alarma a consecuencia de la existencia del Covid-19. El virus que ha generado en todo el mundo una gran mortalidad y un <a class=\"mh-excerpt-more\" href=\"https:\/\/www.tucomarca.com\/wordpress\/segunda\/el-pspv-psoe-de-la-hoya-aplaude-la-responsabilidad-ciudadana-a-la-que-califica-de-nuestra-mejor-herramienta-para-frenar-el-covid-19\/\" title=\"El PSPV-PSOE de La Hoya aplaude la responsabilidad ciudadana a la que califica de \u00abnuestra mejor herramienta\u00bb para frenar el Covid-19\">[+] <\/a><\/div>\n","protected":false},"author":12,"featured_media":66459,"comment_status":"open","ping_status":"open","sticky":false,"template":"","format":"standard","meta":{"footnotes":""},"categories":[19,18,119,17,16,12201,15,14,128,8,10,13,117,142,3,12,116,11],"tags":[11937,11938,5952,12260],"class_list":{"0":"post-108758","1":"post","2":"type-post","3":"status-publish","4":"format-standard","5":"has-post-thumbnail","7":"category-alborache","8":"category-bunol","9":"category-sanidad-la-comarca","10":"category-cheste","11":"category-chiva","12":"category-covid-19","13":"category-dos-aguas","14":"category-godelleta","15":"category-infraestructuras","16":"category-la-comarca","17":"category-la-hoya","18":"category-macastre","19":"category-medio-ambiente-la-comarca","20":"category-politica-la-comarca","21":"category-seccion","22":"category-siete-aguas","23":"category-sucesos-la-comarca","24":"category-yatova","25":"tag-coronavirus","26":"tag-covid-19","27":"tag-la-hoya-de-bunol-chiva","28":"tag-pspv-psoe-comarca-hoya-de-bunol-chiva"},"_links":{"self":[{"href":"https:\/\/www.tucomarca.com\/wordpress\/segunda\/wp-json\/wp\/v2\/posts\/108758","targetHints":{"allow":["GET"]}}],"collection":[{"href":"https:\/\/www.tucomarca.com\/wordpress\/segunda\/wp-json\/wp\/v2\/posts"}],"about":[{"href":"https:\/\/www.tucomarca.com\/wordpress\/segunda\/wp-json\/wp\/v2\/types\/post"}],"author":[{"embeddable":true,"href":"https:\/\/www.tucomarca.com\/wordpress\/segunda\/wp-json\/wp\/v2\/users\/12"}],"replies":[{"embeddable":true,"href":"https:\/\/www.tucomarca.com\/wordpress\/segunda\/wp-json\/wp\/v2\/comments?post=108758"}],"version-history":[{"count":0,"href":"https:\/\/www.tucomarca.com\/wordpress\/segunda\/wp-json\/wp\/v2\/posts\/108758\/revisions"}],"wp:featuredmedia":[{"embeddable":true,"href":"https:\/\/www.tucomarca.com\/wordpress\/segunda\/wp-json\/wp\/v2\/media\/66459"}],"wp:attachment":[{"href":"https:\/\/www.tucomarca.com\/wordpress\/segunda\/wp-json\/wp\/v2\/media?parent=108758"}],"wp:term":[{"taxonomy":"category","embeddable":true,"href":"https:\/\/www.tucomarca.com\/wordpress\/segunda\/wp-json\/wp\/v2\/categories?post=108758"},{"taxonomy":"post_tag","embeddable":true,"href":"https:\/\/www.tucomarca.com\/wordpress\/segunda\/wp-json\/wp\/v2\/tags?post=108758"}],"curies":[{"name":"wp","href":"https:\/\/api.w.org\/{rel}","templated":true}]}}