{"id":108853,"date":"2020-06-17T18:30:49","date_gmt":"2020-06-17T16:30:49","guid":{"rendered":"http:\/\/www.tucomarca.com\/wordpress\/segunda\/?p=108853"},"modified":"2020-06-17T18:30:52","modified_gmt":"2020-06-17T16:30:52","slug":"la-escuela-de-musica-y-danza-luis-ayllon-de-la-artistica-de-bunol-prepara-el-nuevo-curso-2020-2021","status":"publish","type":"post","link":"https:\/\/www.tucomarca.com\/wordpress\/segunda\/la-escuela-de-musica-y-danza-luis-ayllon-de-la-artistica-de-bunol-prepara-el-nuevo-curso-2020-2021\/","title":{"rendered":"La Escuela de M\u00fasica y Danza Luis Ayll\u00f3n de \u00abLa Art\u00edstica\u00bb de Bu\u00f1ol prepara el nuevo curso 2020-2021"},"content":{"rendered":"\n<ul class=\"wp-block-gallery columns-1 is-cropped wp-block-gallery-1 is-layout-flex wp-block-gallery-is-layout-flex\"><li class=\"blocks-gallery-item\"><figure><img loading=\"lazy\" decoding=\"async\" width=\"787\" height=\"590\" src=\"https:\/\/www.tucomarca.com\/wordpress\/segunda\/wp-content\/uploads\/2020\/06\/SMArtisticaCurso2021_2.jpg\" alt=\"\" data-id=\"108857\" data-link=\"https:\/\/www.tucomarca.com\/wordpress\/segunda\/?attachment_id=108857\" class=\"wp-image-108857\" srcset=\"https:\/\/www.tucomarca.com\/wordpress\/segunda\/wp-content\/uploads\/2020\/06\/SMArtisticaCurso2021_2.jpg 787w, https:\/\/www.tucomarca.com\/wordpress\/segunda\/wp-content\/uploads\/2020\/06\/SMArtisticaCurso2021_2-300x225.jpg 300w, https:\/\/www.tucomarca.com\/wordpress\/segunda\/wp-content\/uploads\/2020\/06\/SMArtisticaCurso2021_2-768x576.jpg 768w, https:\/\/www.tucomarca.com\/wordpress\/segunda\/wp-content\/uploads\/2020\/06\/SMArtisticaCurso2021_2-678x509.jpg 678w, https:\/\/www.tucomarca.com\/wordpress\/segunda\/wp-content\/uploads\/2020\/06\/SMArtisticaCurso2021_2-326x245.jpg 326w, https:\/\/www.tucomarca.com\/wordpress\/segunda\/wp-content\/uploads\/2020\/06\/SMArtisticaCurso2021_2-80x60.jpg 80w\" sizes=\"auto, (max-width: 787px) 100vw, 787px\" \/><\/figure><\/li><li class=\"blocks-gallery-item\"><figure><img loading=\"lazy\" decoding=\"async\" width=\"787\" height=\"442\" src=\"https:\/\/www.tucomarca.com\/wordpress\/segunda\/wp-content\/uploads\/2020\/06\/SMArtisticaCurso2021_3.jpg\" alt=\"\" data-id=\"108859\" data-link=\"https:\/\/www.tucomarca.com\/wordpress\/segunda\/?attachment_id=108859\" class=\"wp-image-108859\" srcset=\"https:\/\/www.tucomarca.com\/wordpress\/segunda\/wp-content\/uploads\/2020\/06\/SMArtisticaCurso2021_3.jpg 787w, https:\/\/www.tucomarca.com\/wordpress\/segunda\/wp-content\/uploads\/2020\/06\/SMArtisticaCurso2021_3-300x168.jpg 300w, https:\/\/www.tucomarca.com\/wordpress\/segunda\/wp-content\/uploads\/2020\/06\/SMArtisticaCurso2021_3-768x431.jpg 768w, https:\/\/www.tucomarca.com\/wordpress\/segunda\/wp-content\/uploads\/2020\/06\/SMArtisticaCurso2021_3-678x381.jpg 678w\" sizes=\"auto, (max-width: 787px) 100vw, 787px\" \/><\/figure><\/li><\/ul>\n\n\n\n<p>Tras unos meses en los que la Sociedad Musical La Art\u00edstica de Bu\u00f1ol, al igual que el resto de sociedades musicales, ha tenido que cancelar y modificar su actividad para adaptarse a la situaci\u00f3n, la Escuela de M\u00fasica y Danza Luis Ayll\u00f3n ya prepara el nuevo curso con toda la ilusi\u00f3n de un nuevo ciclo, tras un cierre de curso 2019-2020 at\u00edpico, sin poder disfrutar de las audiciones finales ni de la tradicional cena de hermandad que comparten profesores, alumnos y familias.<\/p>\n\n\n\n<p>La direcci\u00f3n de la Escuela de M\u00fasica y Danza Luis Ayll\u00f3n ha dedicado dos d\u00edas a la presentaci\u00f3n del nuevo curso 2020-2021, dividiendo a las familias de alumnos para garantizar un aforo limitado en estas reuniones. Mario Ortu\u00f1o Gelardo, director de la Escuela, dio a conocer a las familias las medidas de higiene y seguridad adoptadas para la vuelta a las clases presenciales, que garantizar\u00e1n un correcto desarrollo sin riesgos paa alumnos y profesores. Adem\u00e1s de estas medidas, se dieron a conocer las novedades para el nuevo curso, que incluyen la incorporaci\u00f3n de personal administrativo, la implantaci\u00f3n de nuevos sistemas de gesti\u00f3n y comunicaci\u00f3n con los padres, la implantaci\u00f3n de nuevas tecnolog\u00edas a nivel administrativo y pedag\u00f3gico, ampliaci\u00f3n de horas lectivas e implantaci\u00f3n de nuevas asignaturas, as\u00ed como la atenci\u00f3n personalizada. Estas mejoras conllevan una importante inversi\u00f3n, tanto a nivel de personal como a nivel de material y equipamiento, con el fin de que la Escuela de M\u00fasica y Danza Luis Ayll\u00f3n siga siendo un referente para el resto de escuelas de m\u00fasica de la Comunidad Valenciana.<\/p>\n\n\n\n<p>Desde la Escuela est\u00e1n muy satisfechos con la asistencia a estas presentaciones y con la acogida a las mejoras implantadas. Aquellas personas interesadas que no hayan podido asistir, pueden informarse a trav\u00e9s del correo electr\u00f3nico <a href=\"mailto:escuelaluisayllon@gmail.com\">escuelaluisayllon@gmail.com<\/a> o el tel\u00e9fono 962500250. El periodo de matriculaci\u00f3n para el curso 2020-2021 comenz\u00f3 el pasado 15 de junio y finalizar\u00e1 el pr\u00f3ximo 24 de julio.<\/p>\n","protected":false},"excerpt":{"rendered":"<div class=\"mh-excerpt\">Tras unos meses en los que la Sociedad Musical La Art\u00edstica de Bu\u00f1ol, al igual que el resto de sociedades musicales, ha tenido que cancelar y modificar su actividad para adaptarse a la situaci\u00f3n, la <a class=\"mh-excerpt-more\" href=\"https:\/\/www.tucomarca.com\/wordpress\/segunda\/la-escuela-de-musica-y-danza-luis-ayllon-de-la-artistica-de-bunol-prepara-el-nuevo-curso-2020-2021\/\" title=\"La Escuela de M\u00fasica y Danza Luis Ayll\u00f3n de \u00abLa Art\u00edstica\u00bb de Bu\u00f1ol prepara el nuevo curso 2020-2021\">[+] <\/a><\/div>\n","protected":false},"author":12,"featured_media":108855,"comment_status":"open","ping_status":"open","sticky":false,"template":"","format":"gallery","meta":{"footnotes":""},"categories":[4,18,66,119,12201,128,8,10,7,3],"tags":[10385,11937,11938,11951,12271,5952,10559],"class_list":{"0":"post-108853","1":"post","2":"type-post","3":"status-publish","4":"format-gallery","5":"has-post-thumbnail","7":"category-agenda","8":"category-bunol","9":"category-musica","10":"category-sanidad-la-comarca","11":"category-covid-19","12":"category-infraestructuras","13":"category-la-comarca","14":"category-la-hoya","15":"category-ocio-y-cultura","16":"category-seccion","17":"tag-bunol","18":"tag-coronavirus","19":"tag-covid-19","20":"tag-covid2019","21":"tag-escuela-de-musica-y-danza-luis-ayllon","22":"tag-la-hoya-de-bunol-chiva","23":"tag-sm-la-artistica-de-bunol","24":"post_format-post-format-gallery"},"_links":{"self":[{"href":"https:\/\/www.tucomarca.com\/wordpress\/segunda\/wp-json\/wp\/v2\/posts\/108853","targetHints":{"allow":["GET"]}}],"collection":[{"href":"https:\/\/www.tucomarca.com\/wordpress\/segunda\/wp-json\/wp\/v2\/posts"}],"about":[{"href":"https:\/\/www.tucomarca.com\/wordpress\/segunda\/wp-json\/wp\/v2\/types\/post"}],"author":[{"embeddable":true,"href":"https:\/\/www.tucomarca.com\/wordpress\/segunda\/wp-json\/wp\/v2\/users\/12"}],"replies":[{"embeddable":true,"href":"https:\/\/www.tucomarca.com\/wordpress\/segunda\/wp-json\/wp\/v2\/comments?post=108853"}],"version-history":[{"count":0,"href":"https:\/\/www.tucomarca.com\/wordpress\/segunda\/wp-json\/wp\/v2\/posts\/108853\/revisions"}],"wp:featuredmedia":[{"embeddable":true,"href":"https:\/\/www.tucomarca.com\/wordpress\/segunda\/wp-json\/wp\/v2\/media\/108855"}],"wp:attachment":[{"href":"https:\/\/www.tucomarca.com\/wordpress\/segunda\/wp-json\/wp\/v2\/media?parent=108853"}],"wp:term":[{"taxonomy":"category","embeddable":true,"href":"https:\/\/www.tucomarca.com\/wordpress\/segunda\/wp-json\/wp\/v2\/categories?post=108853"},{"taxonomy":"post_tag","embeddable":true,"href":"https:\/\/www.tucomarca.com\/wordpress\/segunda\/wp-json\/wp\/v2\/tags?post=108853"}],"curies":[{"name":"wp","href":"https:\/\/api.w.org\/{rel}","templated":true}]}}