{"id":108917,"date":"2020-06-18T22:00:16","date_gmt":"2020-06-18T20:00:16","guid":{"rendered":"http:\/\/www.tucomarca.com\/wordpress\/segunda\/?p=108917"},"modified":"2020-06-18T23:20:54","modified_gmt":"2020-06-18T21:20:54","slug":"manises-recomienda-ponerse-en-contacto-con-el-centro-correspondiente-antes-de-acudir-al-hospital","status":"publish","type":"post","link":"https:\/\/www.tucomarca.com\/wordpress\/segunda\/manises-recomienda-ponerse-en-contacto-con-el-centro-correspondiente-antes-de-acudir-al-hospital\/","title":{"rendered":"Manises recomienda ponerse en contacto con el centro correspondiente antes de acudir al hospital"},"content":{"rendered":"\n<p><strong>Las medidas est\u00e1n destinadas a velar por la seguridad de pacientes y profesionales, con los dos circuitos diferenciados, entre otras medidas.&nbsp;<\/strong><\/p>\n\n\n\n<p><strong>El Departamento de Salud de Manises sigue garantizando una atenci\u00f3n de calidad en todas sus zonas b\u00e1sicas.&nbsp;<\/strong><\/p>\n\n\n\n<p><strong>Tambi\u00e9n se est\u00e1 trabajando en v\u00edas para que los usuarios puedan dejar su consulta a los Centros de Salud y Consultorios por escrito; adem\u00e1s de sus dudas de citas de la atenci\u00f3n de Hospital y Centros de Especialidades.&nbsp;<\/strong><\/p>\n\n\n\n<p>El Departamento de Salud de Manises contin\u00faa aplicando las medidas marcadas por los protocolos de las autoridades sanitarias para adaptar el funcionamiento de la asistencia sanitaria a la situaci\u00f3n generada por el Covid-19. Estas medidas est\u00e1n destinadas a velar por la seguridad de pacientes y profesionales, garantizando una atenci\u00f3n sanitaria de calidad a la poblaci\u00f3n y adapt\u00e1ndose a las diferentes fases de la desescalada.<\/p>\n\n\n\n<p>As\u00ed, el Departamento de Salud de Manises recomienda a la poblaci\u00f3n que necesite de asistencia sanitaria que se <strong>ponga en contacto previamente por tel\u00e9fono con su centro <\/strong>para explicar su situaci\u00f3n y recibir informaci\u00f3n por parte de los profesionales sobre c\u00f3mo se proceder\u00e1 a su atenci\u00f3n. Hay que tener en cuenta que:<\/p>\n\n\n\n<ul class=\"wp-block-list\"><li>Desde el Departamento se est\u00e1 trabajando en <strong>la asistencia sanitaria telem\u00e1ticas <\/strong>en aquellos casos que la presencia f\u00edsica, atendiendo a la cl\u00ednica y perfil del paciente, no es estrictamente necesaria.<strong>&nbsp;<\/strong><\/li><\/ul>\n\n\n\n<ul class=\"wp-block-list\"><li>Se ha incorporado la <strong>tecnolog\u00eda para acercar la asistencia sanitaria<\/strong> a pacientes en los que, por perfil y cl\u00ednica la presencia f\u00edsica no es imprescindible. Las diversas formas de asistencia, presenciales y telem\u00e1ticas, se adaptar\u00e1n al perfil de pacientes, as\u00ed como a su cl\u00ednica. Principalmente en los talleres grupales y las teleconsultas en Atenci\u00f3n Primaria; adem\u00e1s de las primeras pruebas que ya se han realizado desde el Hospital de Manises.&nbsp;<\/li><\/ul>\n\n\n\n<ul class=\"wp-block-list\"><li>Las listas de espera tanto quir\u00fargicas como de consultas y t\u00e9cnicas se revisar\u00e1n continuamente para asegurar la actividad ordinaria.<\/li><\/ul>\n\n\n\n<p>En cuanto a las medidas implementadas por el Departamento en los centros sanitarios, se pueden destacar que:<\/p>\n\n\n\n<ul class=\"wp-block-list\"><li>Se han habilitado espacios del centro con medidas de prevenci\u00f3n como l\u00edneas de separaci\u00f3n, soluciones hidroalcoh\u00f3licas en las puertas de todas las consultas, separaci\u00f3n de los asientos en las salas de espera y la entrega de mascarillas a todos los pacientes que lo precisen, con el objetivo de garantizar la seguridad tanto para usuarios como para profesionales.<\/li><\/ul>\n\n\n\n<ul class=\"wp-block-list\"><li>Se han establecido <strong>circuitos diferenciados<\/strong> para pacientes con s\u00edntomas de Covid-19, pacientes positivos o pacientes negativos.&nbsp;<\/li><\/ul>\n\n\n\n<ul class=\"wp-block-list\"><li>Las <strong>embarazadas<\/strong> podr\u00e1n estar acompa\u00f1adas en el momento de la ecograf\u00eda, durante el parto y hospitalizaci\u00f3n, siempre que el acompa\u00f1ante no presente s\u00edntomas y vaya debidamente dotado de mascarilla.&nbsp;<\/li><\/ul>\n\n\n\n<p>Adem\u00e1s, el Hospital de Manises se pondr\u00e1 en contacto con todos los pacientes por v\u00eda SMS para solicitarles informaci\u00f3n a trav\u00e9s de un cuestionario que permitir\u00e1 controlar c\u00f3mo ser\u00e1 la atenci\u00f3n a todos los pacientes, seg\u00fan su cl\u00ednica. Por su parte, los pacientes que requieran de ingreso hospitalario se les realizar\u00e1 la prueba PCR y en funci\u00f3n del resultado se le distribuir\u00e1 en los espacios habilitados seg\u00fan los circuitos diferenciados.<\/p>\n\n\n\n<p>En cuanto a las <strong>visitas y acompa\u00f1antes<\/strong>, solo se permite un acompa\u00f1ante en los pacientes dependientes o menores de edad; se habilitan las visitas aunque de una \u00fanica persona y anotar que la normativa de visitas y acompa\u00f1amiento ir\u00e1 adecu\u00e1ndose a la evoluci\u00f3n de la pandemia.&nbsp;<\/p>\n\n\n\n<p>En cuanto a las consultas externas y pruebas radiol\u00f3gicas, se atender\u00e1n de manera presencial. Sin embargo, hay que tener en cuenta las siguientes indicaciones:<\/p>\n\n\n\n<ul class=\"wp-block-list\"><li> Las consultas preferentes ser\u00e1n determinadas por el profesional sanitario, y las no preferentes se realizar\u00e1n por teleasistencia.<\/li><li>Las consultas ser\u00e1n de ma\u00f1ana y tarde para no tener aglomeraciones en la sala de espera. Los espacios est\u00e1n claramente se\u00f1alizados.<\/li><li>A finales del mes de junio todos los pacientes de las agendas de marzo, abril y mayo estar\u00e1n resueltos. Se habr\u00e1n atendido en el Hospital o habr\u00e1n sido resueltos de forma telem\u00e1tica.<\/li><\/ul>\n\n\n\n<p>En esta l\u00ednea, en <strong>Atenci\u00f3n Primaria<\/strong> se ha reorganizado la atenci\u00f3n sanitaria en los centros de salud para garantizar el mejor desarrollo de la desescalada:<\/p>\n\n\n\n<ul class=\"wp-block-list\"><li>Necesidad de mantener los <strong>circuitos diferenciados<\/strong> de pacientes con y sin Covid-19 para garantizar la seguridad de la atenci\u00f3n recibida y prestada por pacientes y profesionales, respectivamente.&nbsp;<\/li><\/ul>\n\n\n\n<ul class=\"wp-block-list\"><li>Los centros disponen de medios para realizar <strong>PCR por prescripci\u00f3n de Medicina de Familia y Comunitaria. &nbsp;<\/strong><\/li><\/ul>\n\n\n\n<ul class=\"wp-block-list\"><li>Se recomienda a la poblaci\u00f3n mantener las medidas de seguridad y sanitarias ordenadas por las instituciones sanitarias.&nbsp; Adem\u00e1s, antes de acudir al centro de salud, se aconseja <strong>llamar por tel\u00e9fono<\/strong> para recibir las indicaciones de los profesionales sanitarios de cu\u00e1ndo, d\u00f3nde y c\u00f3mo se les asistir\u00e1.&nbsp;<\/li><\/ul>\n\n\n\n<ul class=\"wp-block-list\"><li>En breve, se pondr\u00e1 a disposici\u00f3n de los municipios y sus ciudadanos de <strong>nuevas f\u00f3rmulas para que dejen constancia de sus necesidades por escrito<\/strong> y se pueda dar respuesta tan pronto sea posible, atendiendo a las circunstancias excepcionales actuales.&nbsp;<\/li><\/ul>\n\n\n\n<ul class=\"wp-block-list\"><li>Para facilitar la movilidad entre los municipios del Departamento, se ha <strong>reforzado la ruta del autob\u00fas impulsada por el Departamentos de Salud de Manises<\/strong>. A partir de ahora, en las rutas del martes y jueves, se podr\u00e1 utilizar este autob\u00fas para desplazarse entre municipios del \u00e1rea, adem\u00e1s de para ir y venir al Hospital y\/o Centros de Especialidades.&nbsp;<\/li><\/ul>\n\n\n\n<ul class=\"wp-block-list\"><li>Se retoma la actividad de forma escalonada en los siguientes servicios: UCA, COF, Odontopediatr\u00eda, Psiquiatr\u00eda Domiciliaria, Vacunaci\u00f3n y Pediatr\u00eda.<\/li><\/ul>\n\n\n\n<ul class=\"wp-block-list\"><li>Mantenimiento de los puntos de <strong>Atenci\u00f3n Continuada.<\/strong>&nbsp;<\/li><\/ul>\n\n\n\n<ul class=\"wp-block-list\"><li>Los <strong>pacientes cr\u00f3nicos<\/strong> tendr\u00e1n un seguimiento y control minucioso, \u00fanico y proactivo por parte de los profesionales de cada centro denominado AGENDA ECA.<ul><li>Al paciente se le llama peri\u00f3dicamente para chequear su estado de salud.<\/li><li>Se registra la cl\u00ednica en cada atenci\u00f3n realizada.<\/li><li>Hemos desarrollado una campa\u00f1a para dar a conocer el servicio entre la poblaci\u00f3n y que demande su inclusi\u00f3n.<\/li><\/ul><\/li><\/ul>\n\n\n\n<ul class=\"wp-block-list\"><li>La <strong>asistencia a mayores y residencias<\/strong> se ha coordinado mediante un equipo espec\u00edfico de residencias con profesionales sanitarios m\u00e9dicos y de enfermer\u00eda, adem\u00e1s de la Unidad de Hospitalizaci\u00f3n a Domicilio.&nbsp;<\/li><li>En las zonas de atenci\u00f3n a pacientes m\u00e1s vulnerables (oncol\u00f3gicos, inmunodeprimidos, ni\u00f1os, cr\u00f3nicos, ancianos\u2026) se desarrollar\u00e1n protocolos de especial protecci\u00f3n.<\/li><\/ul>\n\n\n\n<ul class=\"wp-block-list\"><li>Se est\u00e1 probando la tecnolog\u00eda para ofrecer actividades grupales como jornadas de matronas, charlas de enfermer\u00eda de pediatr\u00eda.<\/li><\/ul>\n\n\n\n<p>Para llevar a cabo un <strong>control de la pandemia<\/strong> efectivo, hemos llevado a cabo los siguientes protocolos:<\/p>\n\n\n\n<ul class=\"wp-block-list\"><li>Organizaci\u00f3n de la respuesta asistencial con la creaci\u00f3n de unos protocolos compartidos y elaborados por un Comit\u00e9 Cient\u00edfico Covid-19. <br>\n<\/li><li>Vigilancia y control de la infecci\u00f3n en centros residenciales a trav\u00e9s de la Comisi\u00f3n de centros residenciales.&nbsp;<\/li><\/ul>\n\n\n\n<p>Acorde a la instrucci\u00f3n de Conselleria del 27\/05\/2020 sobre la conveniencia de \u201c<em>preparar todos los centros sanitarios para que se pueda atender a todo el que lo necesite con garant\u00edas y seguridad para todos<\/em>\u201d se ha puesto un equipo de Medicina Preventiva, Prevenci\u00f3n de Riesgos Laborales e Infraestructuras a chequear la adecuaci\u00f3n de todos los centros.&nbsp;<\/p>\n\n\n\n<p>Dichas auditor\u00edas ya se han finalizado y se est\u00e1 procediendo a elaborar los respectivos informes de modo que los Consultorios puedan adaptarse a las circunstancias y necesidades actuales y futuras que las directrices de Conselleria marquen como prioritarias a respetar para garantizar la seguridad, tanto de usuarios como de profesionales.&nbsp;<\/p>\n\n\n\n<p>Hay que destacar que dichos informes est\u00e1n abiertos a la participaci\u00f3n y colaboraci\u00f3n municipal, siendo la Direcci\u00f3n General de Asistencia Sanitaria la destinataria de los informes y \u00faltima decisora sobre estas cuestiones.<\/p>\n","protected":false},"excerpt":{"rendered":"<div class=\"mh-excerpt\">Las medidas est\u00e1n destinadas a velar por la seguridad de pacientes y profesionales, con los dos circuitos diferenciados, entre otras medidas.&nbsp; El Departamento de Salud de Manises sigue garantizando una atenci\u00f3n de calidad en todas <a class=\"mh-excerpt-more\" href=\"https:\/\/www.tucomarca.com\/wordpress\/segunda\/manises-recomienda-ponerse-en-contacto-con-el-centro-correspondiente-antes-de-acudir-al-hospital\/\" title=\"Manises recomienda ponerse en contacto con el centro correspondiente antes de acudir al hospital\">[+] <\/a><\/div>\n","protected":false},"author":12,"featured_media":108918,"comment_status":"open","ping_status":"open","sticky":false,"template":"","format":"standard","meta":{"footnotes":""},"categories":[19,18,46,119,17,16,12201,14,128,8,10,42,178,13,182,3,116,43,45,11],"tags":[11937,11938,11478,136],"class_list":{"0":"post-108917","1":"post","2":"type-post","3":"status-publish","4":"format-standard","5":"has-post-thumbnail","7":"category-alborache","8":"category-bunol","9":"category-camp-de-turia","10":"category-sanidad-la-comarca","11":"category-cheste","12":"category-chiva","13":"category-covid-19","14":"category-godelleta","15":"category-infraestructuras","16":"category-la-comarca","17":"category-la-hoya","18":"category-la-ribera","19":"category-loriguilla","20":"category-macastre","21":"category-riba-roja","22":"category-seccion","23":"category-sucesos-la-comarca","24":"category-turis","25":"category-ventana","26":"category-yatova","27":"tag-coronavirus","28":"tag-covid-19","29":"tag-departamento-de-salud-de-manises","30":"tag-hospital-de-manises"},"_links":{"self":[{"href":"https:\/\/www.tucomarca.com\/wordpress\/segunda\/wp-json\/wp\/v2\/posts\/108917","targetHints":{"allow":["GET"]}}],"collection":[{"href":"https:\/\/www.tucomarca.com\/wordpress\/segunda\/wp-json\/wp\/v2\/posts"}],"about":[{"href":"https:\/\/www.tucomarca.com\/wordpress\/segunda\/wp-json\/wp\/v2\/types\/post"}],"author":[{"embeddable":true,"href":"https:\/\/www.tucomarca.com\/wordpress\/segunda\/wp-json\/wp\/v2\/users\/12"}],"replies":[{"embeddable":true,"href":"https:\/\/www.tucomarca.com\/wordpress\/segunda\/wp-json\/wp\/v2\/comments?post=108917"}],"version-history":[{"count":0,"href":"https:\/\/www.tucomarca.com\/wordpress\/segunda\/wp-json\/wp\/v2\/posts\/108917\/revisions"}],"wp:featuredmedia":[{"embeddable":true,"href":"https:\/\/www.tucomarca.com\/wordpress\/segunda\/wp-json\/wp\/v2\/media\/108918"}],"wp:attachment":[{"href":"https:\/\/www.tucomarca.com\/wordpress\/segunda\/wp-json\/wp\/v2\/media?parent=108917"}],"wp:term":[{"taxonomy":"category","embeddable":true,"href":"https:\/\/www.tucomarca.com\/wordpress\/segunda\/wp-json\/wp\/v2\/categories?post=108917"},{"taxonomy":"post_tag","embeddable":true,"href":"https:\/\/www.tucomarca.com\/wordpress\/segunda\/wp-json\/wp\/v2\/tags?post=108917"}],"curies":[{"name":"wp","href":"https:\/\/api.w.org\/{rel}","templated":true}]}}