{"id":108939,"date":"2020-06-18T23:08:54","date_gmt":"2020-06-18T21:08:54","guid":{"rendered":"http:\/\/www.tucomarca.com\/wordpress\/segunda\/?p=108939"},"modified":"2020-06-18T23:08:56","modified_gmt":"2020-06-18T21:08:56","slug":"la-pobla-de-vallbona-recibira-375-000-euros-de-subvencion-para-recuperar-la-cisterna-del-siglo-xvi","status":"publish","type":"post","link":"https:\/\/www.tucomarca.com\/wordpress\/segunda\/la-pobla-de-vallbona-recibira-375-000-euros-de-subvencion-para-recuperar-la-cisterna-del-siglo-xvi\/","title":{"rendered":"La Pobla de Vallbona recibir\u00e1 375.000 euros de subvenci\u00f3n para recuperar la Cisterna del siglo XVI"},"content":{"rendered":"\n<p>La Pobla de Vallbona ha recibido una subvenci\u00f3n de 375.000 euros&nbsp; por parte de la Conseller\u00eda de Vivienda y Arquitectura Bioclim\u00e1tica para el proyecto de recuperaci\u00f3n de la antigua Cisterna. Esta subvenci\u00f3n supone el 100% del coste del proyecto y los trabajos para la restauraci\u00f3n de la antigua Cisterna de la Pobla.<\/p>\n\n\n\n<p>La construcci\u00f3n data del s. XVI y est\u00e1 ubicada en la casco antiguo y su recuperaci\u00f3n se inici\u00f3 despu\u00e9s de que el 2018 se realizaron las primeras excavaciones arqueol\u00f3gicas.&nbsp;<\/p>\n\n\n\n<p>La memoria oral de los vecinos ubic\u00f3 esta Cisterna que recuerdan que fue enterrada en los a\u00f1os 70 por el Ayuntamiento argumentando que se encontraba en desuso y con el objetivo de ampliar la calle Colom.<\/p>\n\n\n\n<p>La regidora de Patrimonio, Beatriu Palmero, ha manifestado su satisfacci\u00f3n porque con esta subvenci\u00f3n la recuperaci\u00f3n de la Cisterna est\u00e1 garantizada y adem\u00e1s no supondr\u00e1 ning\u00fan coste para el Ayuntamiento. \u201cCon la participaci\u00f3n del vecindario estamos recuperando el patrimonio m\u00e1s importante que tenemos los poblanos y poniendo en valor una construcci\u00f3n del s. XVI que hab\u00eda sido soterrada durante d\u00e9cadas\u201d.<\/p>\n\n\n\n<p>El proyecto de la Cisterna es el \u00fanico de Camp de T\u00faria que contar\u00e1 con esta subvenci\u00f3n a la que se han presentado m\u00e1s de 300 municipios valencianos al que se han destinado 15 millones de euros. Su recuperaci\u00f3n permitir\u00e1 que a partir de 2021 los vecinos de la Pobla puedan disfrutar de un nuevo espacio cultural y patrimonial.<\/p>\n\n\n\n<p>La Cisterna&nbsp; de la Pobla es la m\u00e1s grande e importante de la comarca. Cuenta con una escalera de acceso y dep\u00f3sito original. Hay documentos notariales del siglo XVII que ya hacen referencia a la cisterna que se llenaba con el agua de la acequia Primera a enero. Fue reformada en el siglo XIX, y usada como parte de un refugio antia\u00e9reo durante la Guerra Civil.<\/p>\n","protected":false},"excerpt":{"rendered":"<div class=\"mh-excerpt\">La Pobla de Vallbona ha recibido una subvenci\u00f3n de 375.000 euros&nbsp; por parte de la Conseller\u00eda de Vivienda y Arquitectura Bioclim\u00e1tica para el proyecto de recuperaci\u00f3n de la antigua Cisterna. Esta subvenci\u00f3n supone el 100% <a class=\"mh-excerpt-more\" href=\"https:\/\/www.tucomarca.com\/wordpress\/segunda\/la-pobla-de-vallbona-recibira-375-000-euros-de-subvencion-para-recuperar-la-cisterna-del-siglo-xvi\/\" title=\"La Pobla de Vallbona recibir\u00e1 375.000 euros de subvenci\u00f3n para recuperar la Cisterna del siglo XVI\">[+] <\/a><\/div>\n","protected":false},"author":12,"featured_media":108941,"comment_status":"open","ping_status":"open","sticky":false,"template":"","format":"standard","meta":{"footnotes":""},"categories":[46,128,8,174,142,3],"tags":[10633,10395,10716],"class_list":{"0":"post-108939","1":"post","2":"type-post","3":"status-publish","4":"format-standard","5":"has-post-thumbnail","7":"category-camp-de-turia","8":"category-infraestructuras","9":"category-la-comarca","10":"category-la-pobla","11":"category-politica-la-comarca","12":"category-seccion","13":"tag-ajuntament-de-la-pobla-de-vallbona","14":"tag-camp-de-turia","15":"tag-generalitat-valenciana"},"_links":{"self":[{"href":"https:\/\/www.tucomarca.com\/wordpress\/segunda\/wp-json\/wp\/v2\/posts\/108939","targetHints":{"allow":["GET"]}}],"collection":[{"href":"https:\/\/www.tucomarca.com\/wordpress\/segunda\/wp-json\/wp\/v2\/posts"}],"about":[{"href":"https:\/\/www.tucomarca.com\/wordpress\/segunda\/wp-json\/wp\/v2\/types\/post"}],"author":[{"embeddable":true,"href":"https:\/\/www.tucomarca.com\/wordpress\/segunda\/wp-json\/wp\/v2\/users\/12"}],"replies":[{"embeddable":true,"href":"https:\/\/www.tucomarca.com\/wordpress\/segunda\/wp-json\/wp\/v2\/comments?post=108939"}],"version-history":[{"count":0,"href":"https:\/\/www.tucomarca.com\/wordpress\/segunda\/wp-json\/wp\/v2\/posts\/108939\/revisions"}],"wp:featuredmedia":[{"embeddable":true,"href":"https:\/\/www.tucomarca.com\/wordpress\/segunda\/wp-json\/wp\/v2\/media\/108941"}],"wp:attachment":[{"href":"https:\/\/www.tucomarca.com\/wordpress\/segunda\/wp-json\/wp\/v2\/media?parent=108939"}],"wp:term":[{"taxonomy":"category","embeddable":true,"href":"https:\/\/www.tucomarca.com\/wordpress\/segunda\/wp-json\/wp\/v2\/categories?post=108939"},{"taxonomy":"post_tag","embeddable":true,"href":"https:\/\/www.tucomarca.com\/wordpress\/segunda\/wp-json\/wp\/v2\/tags?post=108939"}],"curies":[{"name":"wp","href":"https:\/\/api.w.org\/{rel}","templated":true}]}}