{"id":109082,"date":"2020-06-22T23:00:25","date_gmt":"2020-06-22T21:00:25","guid":{"rendered":"http:\/\/www.tucomarca.com\/wordpress\/segunda\/?p=109082"},"modified":"2020-06-23T00:35:20","modified_gmt":"2020-06-22T22:35:20","slug":"el-ayuntamiento-de-utiel-suspende-la-escuela-de-verano","status":"publish","type":"post","link":"https:\/\/www.tucomarca.com\/wordpress\/segunda\/el-ayuntamiento-de-utiel-suspende-la-escuela-de-verano\/","title":{"rendered":"El Ayuntamiento de Utiel suspende la Escuela de Verano"},"content":{"rendered":"\n<p><strong>La imposibilidad de cumplir con los protocolos de prevenci\u00f3n obliga a suspender la realizaci\u00f3n de este servicio municipal<\/strong><\/p>\n\n\n\n<p>El Ayuntamiento de Utiel ha decidido suspender la Escuela de Verano que tradicionalmente se desarrolla en los meses de julio y agosto, ante la imposibilidad de cumplir con las estrictas medidas de seguridad y salud establecidas para la apertura de este tipo de servicios.<\/p>\n\n\n\n<p>Tras evaluar los protocolos a aplicar en estas instalaciones dirigidas a poblaci\u00f3n especialmente vulnerable, como es la infantil, la Concejal\u00eda de Educaci\u00f3n ha adoptado la decisi\u00f3n de no abrir la Escuela de Verano en Utiel al no poder garantizar la correcta aplicaci\u00f3n de las medidas exigidas.<\/p>\n\n\n\n<p>Ante este escenario complejo en el que es pr\u00e1cticamente inviable mantener la distancia de seguridad y evitar el contacto entre los alumnos durante la celebraci\u00f3n de las actividades programadas, el consistorio utielano ha suspendido la puesta en marcha de la Escuela de Verano con el objetivo de garantizar la seguridad y salud del alumnado infantil.<\/p>\n","protected":false},"excerpt":{"rendered":"<div class=\"mh-excerpt\">La imposibilidad de cumplir con los protocolos de prevenci\u00f3n obliga a suspender la realizaci\u00f3n de este servicio municipal El Ayuntamiento de Utiel ha decidido suspender la Escuela de Verano que tradicionalmente se desarrolla en los <a class=\"mh-excerpt-more\" href=\"https:\/\/www.tucomarca.com\/wordpress\/segunda\/el-ayuntamiento-de-utiel-suspende-la-escuela-de-verano\/\" title=\"El Ayuntamiento de Utiel suspende la Escuela de Verano\">[+] <\/a><\/div>\n","protected":false},"author":12,"featured_media":105517,"comment_status":"open","ping_status":"open","sticky":false,"template":"","format":"standard","meta":{"footnotes":""},"categories":[119,12201,128,8,142,27,3,116,29],"tags":[10574,11937,11938,10387],"class_list":{"0":"post-109082","1":"post","2":"type-post","3":"status-publish","4":"format-standard","5":"has-post-thumbnail","7":"category-sanidad-la-comarca","8":"category-covid-19","9":"category-infraestructuras","10":"category-la-comarca","11":"category-politica-la-comarca","12":"category-requena-utiel","13":"category-seccion","14":"category-sucesos-la-comarca","15":"category-utiel","16":"tag-ayuntamiento-de-utiel","17":"tag-coronavirus","18":"tag-covid-19","19":"tag-requena-utiel"},"_links":{"self":[{"href":"https:\/\/www.tucomarca.com\/wordpress\/segunda\/wp-json\/wp\/v2\/posts\/109082","targetHints":{"allow":["GET"]}}],"collection":[{"href":"https:\/\/www.tucomarca.com\/wordpress\/segunda\/wp-json\/wp\/v2\/posts"}],"about":[{"href":"https:\/\/www.tucomarca.com\/wordpress\/segunda\/wp-json\/wp\/v2\/types\/post"}],"author":[{"embeddable":true,"href":"https:\/\/www.tucomarca.com\/wordpress\/segunda\/wp-json\/wp\/v2\/users\/12"}],"replies":[{"embeddable":true,"href":"https:\/\/www.tucomarca.com\/wordpress\/segunda\/wp-json\/wp\/v2\/comments?post=109082"}],"version-history":[{"count":0,"href":"https:\/\/www.tucomarca.com\/wordpress\/segunda\/wp-json\/wp\/v2\/posts\/109082\/revisions"}],"wp:featuredmedia":[{"embeddable":true,"href":"https:\/\/www.tucomarca.com\/wordpress\/segunda\/wp-json\/wp\/v2\/media\/105517"}],"wp:attachment":[{"href":"https:\/\/www.tucomarca.com\/wordpress\/segunda\/wp-json\/wp\/v2\/media?parent=109082"}],"wp:term":[{"taxonomy":"category","embeddable":true,"href":"https:\/\/www.tucomarca.com\/wordpress\/segunda\/wp-json\/wp\/v2\/categories?post=109082"},{"taxonomy":"post_tag","embeddable":true,"href":"https:\/\/www.tucomarca.com\/wordpress\/segunda\/wp-json\/wp\/v2\/tags?post=109082"}],"curies":[{"name":"wp","href":"https:\/\/api.w.org\/{rel}","templated":true}]}}