{"id":1091,"date":"2012-05-07T11:54:42","date_gmt":"2012-05-07T11:54:42","guid":{"rendered":"http:\/\/www.tucomarca.com\/wordpress\/segunda\/?p=1091"},"modified":"2012-05-09T11:59:47","modified_gmt":"2012-05-09T11:59:47","slug":"el-cvb-bunol-yatova-de-baloncesto-cierra-la-temporada-con-una-cena-de-jugadores-tecnicos-y-familiares","status":"publish","type":"post","link":"https:\/\/www.tucomarca.com\/wordpress\/segunda\/el-cvb-bunol-yatova-de-baloncesto-cierra-la-temporada-con-una-cena-de-jugadores-tecnicos-y-familiares\/","title":{"rendered":"El CVB Bu\u00f1ol-Y\u00e1tova de baloncesto cierra la temporada con una cena de jugadores, t\u00e9cnicos y familiares"},"content":{"rendered":"<figure id=\"attachment_1092\" aria-describedby=\"caption-attachment-1092\" style=\"width: 300px\" class=\"wp-caption alignleft\"><a href=\"https:\/\/www.tucomarca.com\/wordpress\/segunda\/wp-content\/uploads\/2012\/05\/basket-cena.jpg\"><img loading=\"lazy\" decoding=\"async\" class=\"size-medium wp-image-1092\" title=\"basket-cena\" src=\"https:\/\/www.tucomarca.com\/wordpress\/segunda\/wp-content\/uploads\/2012\/05\/basket-cena-300x225.jpg\" alt=\"Parte de los participantes en la cena del equipo.\" width=\"300\" height=\"225\" srcset=\"https:\/\/www.tucomarca.com\/wordpress\/segunda\/wp-content\/uploads\/2012\/05\/basket-cena-300x225.jpg 300w, https:\/\/www.tucomarca.com\/wordpress\/segunda\/wp-content\/uploads\/2012\/05\/basket-cena.jpg 720w\" sizes=\"auto, (max-width: 300px) 100vw, 300px\" \/><\/a><figcaption id=\"caption-attachment-1092\" class=\"wp-caption-text\">Parte de los participantes en la cena del equipo.<\/figcaption><\/figure>\n<p>El equipo junior del CVB Bu\u00f1ol-Y\u00e1tova celebr\u00f3 el pasado s\u00e1bado d\u00eda 5  con una cena entre jugadores, padres y cuerpo t\u00e9cnico su temporada en el  a\u00f1o del 25 aniversario del club un a\u00f1o en el que desde el principio el  equipo ocup\u00f3 los puestos delanteros de la clasificaci\u00f3n, lugares de  privilegio que no ha abandonado durante toda la temporada.<\/p>\n<p>Dirigido  por David Pardo, el equipo comenzaba su andadura por la 1\u00aa Zonal  enfrent\u00e1ndose en casa al Picken Claret, que al final ganar\u00eda el  campeonato, cayendo por 58-64 en un encuentro igualado y en el que a los  de La Hoya le pesaron las numerosas p\u00e9rdidas de bal\u00f3n. Tras este mal  debut liguero, los del Bu\u00f1ol-Y\u00e1tova comenzaban a cogerle el pulso a la  competici\u00f3n con victorias como visitante en Tur\u00eds y Riba-Roja, pero en  la tercera salida consecutiva, la dif\u00edcil cancha y un buen rival como el  Don Bosco frenaron la recuperaci\u00f3n de los de La Hoya con la segunda  derrota.<\/p>\n<p>A partir de aqu\u00ed el CVB sacaba los partidos con comodidad  en un final de 2011 y comienzo de 2012 inmaculado con siete victorias  consecutivas, entre ellas, al Escuelas P\u00edas, equipo que mandaba en la  clasificaci\u00f3n cuando visit\u00f3 la cancha de El Planell en un encuentro  dram\u00e1tico y que acab\u00f3 con 50-49 para los de David Pardo que remontaron 9  puntos en los \u00faltimos minutos, dejando muy bien clasificados al  Bu\u00f1ol-Y\u00e1tova para afrontar la segunda vuelta (9 victorias y 2 derrotas  en tercera posici\u00f3n).<\/p>\n<p>Para comenzar la segunda vuelta se visit\u00f3 la  cancha del Picken Claret, que se hab\u00eda convertido en el rival a batir  por su juego y sus resultados. La importancia del choque atenaz\u00f3 a los  de La Hoya en los primeros minutos, con un inicio de 17-2 que pon\u00eda muy  cuesta arriba la victoria. Cuando los nervios desaparecieron se vio un  partido bien distinto, con un equipo lanzado que redujo las diferencias  hasta los 4 puntos antes del descanso. Sin embargo, el sobreesfuerzo y  el castigo que el Picken Claret daba ante cualquier error de los  nuestros no pudieron evitar el 69-57 lo que alejaba a los de David Pardo  de la primera posici\u00f3n.<\/p>\n<p>Tras las victorias c\u00f3modas ante Tur\u00eds y  Riba-Roja, llegaba otro plato fuerte: la visita del Don Bosco. En un  encuentro igualado, el equipo rival cog\u00eda una renta en el \u00faltimo cuarto  que parec\u00eda insalvable, sin embargo, despu\u00e9s de llegar a perder por 9  puntos a falta de 3 minutos, el CVB Bu\u00f1ol-Y\u00e1tova tuvo posesi\u00f3n para  ganar, pero finalmente la suerte estuvo del lado visitante y la derrota  por 49-50 parec\u00eda alejar al equipo del subcampeonato, puesto al que cada  vez m\u00e1s hac\u00eda m\u00e9ritos precisamente el Don Bosco.<\/p>\n<p>A partir de aqu\u00ed  se volvi\u00f3 a copiar la trayectoria de la primera vuelta. A los de David  Pardo no les quedaba otra que ganar sus partidos y esperar que los  resultados acompa\u00f1asen para poder conseguir el subcampeonato, m\u00e1xima  aspiraci\u00f3n dada la solvencia mostrada por el l\u00edder Picken Claret. Y los  de La Hoya hicieron sus deberes.<\/p>\n<p>Con victorias en canchas  dif\u00edciles como el San Jos\u00e9, Utiel y Escuelas P\u00edas, esta \u00faltima para  forzar un triple empate con el Don Bosco, y mostr\u00e1ndose intratable en  casa, el CVB Bu\u00f1ol-Y\u00e1tova volvi\u00f3 a cosechar siete victorias consecutivas  para finalizar con 18 victorias y 4 derrotas superando con creces el  resultado del a\u00f1o anterior y ocupando definitivamente una gran tercera  plaza.<\/p>\n<p>Con este gran final de campa\u00f1a, los m\u00e1s j\u00f3venes del CVB  Bu\u00f1ol-Y\u00e1tova muestran garant\u00edas de poder hacer cosas importantes en  categor\u00eda senior, salto que dar\u00e1n la pr\u00f3xima temporada para comenzar una  nueva andadura dentro de su etapa de formaci\u00f3n.<\/p>\n","protected":false},"excerpt":{"rendered":"<div class=\"mh-excerpt\">El equipo junior del CVB Bu\u00f1ol-Y\u00e1tova celebr\u00f3 el pasado s\u00e1bado d\u00eda 5 con una cena entre jugadores, padres y cuerpo t\u00e9cnico su temporada en el a\u00f1o del 25 aniversario del club un a\u00f1o en el <a class=\"mh-excerpt-more\" href=\"https:\/\/www.tucomarca.com\/wordpress\/segunda\/el-cvb-bunol-yatova-de-baloncesto-cierra-la-temporada-con-una-cena-de-jugadores-tecnicos-y-familiares\/\" title=\"El CVB Bu\u00f1ol-Y\u00e1tova de baloncesto cierra la temporada con una cena de jugadores, t\u00e9cnicos y familiares\">[+] <\/a><\/div>\n","protected":false},"author":1,"featured_media":1092,"comment_status":"open","ping_status":"open","sticky":false,"template":"","format":"standard","meta":{"footnotes":""},"categories":[118,18,6,10,3,11],"tags":[],"class_list":{"0":"post-1091","1":"post","2":"type-post","3":"status-publish","4":"format-standard","5":"has-post-thumbnail","7":"category-baloncesto","8":"category-bunol","9":"category-deportes","10":"category-la-hoya","11":"category-seccion","12":"category-yatova"},"_links":{"self":[{"href":"https:\/\/www.tucomarca.com\/wordpress\/segunda\/wp-json\/wp\/v2\/posts\/1091","targetHints":{"allow":["GET"]}}],"collection":[{"href":"https:\/\/www.tucomarca.com\/wordpress\/segunda\/wp-json\/wp\/v2\/posts"}],"about":[{"href":"https:\/\/www.tucomarca.com\/wordpress\/segunda\/wp-json\/wp\/v2\/types\/post"}],"author":[{"embeddable":true,"href":"https:\/\/www.tucomarca.com\/wordpress\/segunda\/wp-json\/wp\/v2\/users\/1"}],"replies":[{"embeddable":true,"href":"https:\/\/www.tucomarca.com\/wordpress\/segunda\/wp-json\/wp\/v2\/comments?post=1091"}],"version-history":[{"count":0,"href":"https:\/\/www.tucomarca.com\/wordpress\/segunda\/wp-json\/wp\/v2\/posts\/1091\/revisions"}],"wp:featuredmedia":[{"embeddable":true,"href":"https:\/\/www.tucomarca.com\/wordpress\/segunda\/wp-json\/wp\/v2\/media\/1092"}],"wp:attachment":[{"href":"https:\/\/www.tucomarca.com\/wordpress\/segunda\/wp-json\/wp\/v2\/media?parent=1091"}],"wp:term":[{"taxonomy":"category","embeddable":true,"href":"https:\/\/www.tucomarca.com\/wordpress\/segunda\/wp-json\/wp\/v2\/categories?post=1091"},{"taxonomy":"post_tag","embeddable":true,"href":"https:\/\/www.tucomarca.com\/wordpress\/segunda\/wp-json\/wp\/v2\/tags?post=1091"}],"curies":[{"name":"wp","href":"https:\/\/api.w.org\/{rel}","templated":true}]}}