{"id":109105,"date":"2020-06-22T22:00:41","date_gmt":"2020-06-22T20:00:41","guid":{"rendered":"http:\/\/www.tucomarca.com\/wordpress\/segunda\/?p=109105"},"modified":"2020-06-23T00:25:59","modified_gmt":"2020-06-22T22:25:59","slug":"leliana-arranca-la-semana-del-orgullo-lgtbi-2020","status":"publish","type":"post","link":"https:\/\/www.tucomarca.com\/wordpress\/segunda\/leliana-arranca-la-semana-del-orgullo-lgtbi-2020\/","title":{"rendered":"L\u2019Eliana arranca la Semana del Orgullo LGTBI+ 2020"},"content":{"rendered":"\n<p><strong>El primer acto se ha celebrado este lunes con el izado de la bandera y la lectura del manifiesto en el balc\u00f3n del Ayuntamiento<\/strong><\/p>\n\n\n\n<p>La Concejal\u00eda de Igualdad, en colaboraci\u00f3n con la asociaci\u00f3n local Marietes, ha celebrado la inauguraci\u00f3n de la Semana del Orgullo LGTBI+ que, bajo el t\u00edtulo de \u201cAmb t\u00fa en la dist\u00e0ncia\u201d, en este 2020 se celebrar\u00e1 a trav\u00e9s de las redes sociales de la asociaci\u00f3n.<\/p>\n\n\n\n<p>El acto de este lunes, que ha contado con la presencia del alcalde, Salva Torrent, de la edil de Igualdad, Concha Montaner, y de la presidenta de Marietes, Silvia Prats, ha servido para presentar el v\u00eddeo \u201cOrgullosos\u201d, como muestra del apoyo institucional al colectivo. Posteriormente, el balc\u00f3n del Ayuntamiento fue el escenario que acogi\u00f3 el tradicional izado de la bandera del arco\u00edris que ondear\u00e1 hasta este domingo y el preg\u00f3n por la diversidad que marca el inicio de la Semana.&nbsp;<\/p>\n\n\n\n<p>Los actos seguir\u00e1n durante los pr\u00f3ximos d\u00edas en Facebook, Instagram y Twitter de @marietesleliana con la presentaci\u00f3n del libro \u201cLaberinto\u201d, de Eley Grey, el concierto del Cor de l\u2019Eliana \u201cEstima com vulgues\u201d y la charla con el escritor \u00d3scar Hern\u00e1ndez Campano, adem\u00e1s de la publicaci\u00f3n de los v\u00eddeos de apoyo a la causa LGTBI+ de colectivos locales y vecinos y vecinas.&nbsp;<\/p>\n\n\n\n<p>La concejala de Igualdad, Concha Montaner, ha mostrado el compromiso del Ayuntamiento con esta causa social, colaborando para aportar visibilidad, crear conciencia y reivindicar una sociedad diversa, libre y sin miedo.&nbsp;<\/p>\n\n\n\n<p>El alcalde, Salva Torrent, ha querido poner en valor a l\u2019Eliana como espacio donde dar voz y visibilidad al colectivo, un lugar para celebrar y reivindicar. \u201c<em>A pesar de que este a\u00f1o las celebraciones sean diferentes a causa de la pandemia el mensaje de fondo tiene que estar claro: somos un municipio orgulloso de su ciudadan\u00eda, ame a quien ame y se sienta como se sienta\u201d, <\/em>ha declarado.&nbsp;<br><\/p>\n","protected":false},"excerpt":{"rendered":"<div class=\"mh-excerpt\">El primer acto se ha celebrado este lunes con el izado de la bandera y la lectura del manifiesto en el balc\u00f3n del Ayuntamiento La Concejal\u00eda de Igualdad, en colaboraci\u00f3n con la asociaci\u00f3n local Marietes, <a class=\"mh-excerpt-more\" href=\"https:\/\/www.tucomarca.com\/wordpress\/segunda\/leliana-arranca-la-semana-del-orgullo-lgtbi-2020\/\" title=\"L\u2019Eliana arranca la Semana del Orgullo LGTBI+ 2020\">[+] <\/a><\/div>\n","protected":false},"author":12,"featured_media":109107,"comment_status":"open","ping_status":"open","sticky":false,"template":"","format":"standard","meta":{"footnotes":""},"categories":[4,46,177,8,3],"tags":[10535,10395,11718],"class_list":{"0":"post-109105","1":"post","2":"type-post","3":"status-publish","4":"format-standard","5":"has-post-thumbnail","7":"category-agenda","8":"category-camp-de-turia","9":"category-leliana","10":"category-la-comarca","11":"category-seccion","12":"tag-ajuntament-de-leliana","13":"tag-camp-de-turia","14":"tag-orgullo-lgtbi"},"_links":{"self":[{"href":"https:\/\/www.tucomarca.com\/wordpress\/segunda\/wp-json\/wp\/v2\/posts\/109105","targetHints":{"allow":["GET"]}}],"collection":[{"href":"https:\/\/www.tucomarca.com\/wordpress\/segunda\/wp-json\/wp\/v2\/posts"}],"about":[{"href":"https:\/\/www.tucomarca.com\/wordpress\/segunda\/wp-json\/wp\/v2\/types\/post"}],"author":[{"embeddable":true,"href":"https:\/\/www.tucomarca.com\/wordpress\/segunda\/wp-json\/wp\/v2\/users\/12"}],"replies":[{"embeddable":true,"href":"https:\/\/www.tucomarca.com\/wordpress\/segunda\/wp-json\/wp\/v2\/comments?post=109105"}],"version-history":[{"count":0,"href":"https:\/\/www.tucomarca.com\/wordpress\/segunda\/wp-json\/wp\/v2\/posts\/109105\/revisions"}],"wp:featuredmedia":[{"embeddable":true,"href":"https:\/\/www.tucomarca.com\/wordpress\/segunda\/wp-json\/wp\/v2\/media\/109107"}],"wp:attachment":[{"href":"https:\/\/www.tucomarca.com\/wordpress\/segunda\/wp-json\/wp\/v2\/media?parent=109105"}],"wp:term":[{"taxonomy":"category","embeddable":true,"href":"https:\/\/www.tucomarca.com\/wordpress\/segunda\/wp-json\/wp\/v2\/categories?post=109105"},{"taxonomy":"post_tag","embeddable":true,"href":"https:\/\/www.tucomarca.com\/wordpress\/segunda\/wp-json\/wp\/v2\/tags?post=109105"}],"curies":[{"name":"wp","href":"https:\/\/api.w.org\/{rel}","templated":true}]}}