{"id":109204,"date":"2020-06-24T23:23:39","date_gmt":"2020-06-24T21:23:39","guid":{"rendered":"http:\/\/www.tucomarca.com\/wordpress\/segunda\/?p=109204"},"modified":"2020-06-24T23:23:42","modified_gmt":"2020-06-24T21:23:42","slug":"nueva-normalidad-y-su-aplicacion-en-requena","status":"publish","type":"post","link":"https:\/\/www.tucomarca.com\/wordpress\/segunda\/nueva-normalidad-y-su-aplicacion-en-requena\/","title":{"rendered":"Nueva normalidad y su aplicaci\u00f3n en Requena"},"content":{"rendered":"\n<p><strong>Ante s\u00edntomas compatibles con coronavirus, se debe proceder al aislamiento, quedarse en casa, llamar al 900 300 555 o solicitar cita con el centro de salud ya sea a trav\u00e9s de la web de la Conselleria de Sanitat Universal i Salut P\u00fablica o de la App GVA CORONAVIRUS<\/strong><\/p>\n\n\n\n<ul class=\"wp-block-gallery columns-2 is-cropped wp-block-gallery-1 is-layout-flex wp-block-gallery-is-layout-flex\"><li class=\"blocks-gallery-item\"><figure><img loading=\"lazy\" decoding=\"async\" width=\"787\" height=\"787\" src=\"https:\/\/www.tucomarca.com\/wordpress\/segunda\/wp-content\/uploads\/2020\/06\/NuevaNormalidadRequena2.jpg\" alt=\"\" data-id=\"109209\" data-link=\"https:\/\/www.tucomarca.com\/wordpress\/segunda\/?attachment_id=109209\" class=\"wp-image-109209\" srcset=\"https:\/\/www.tucomarca.com\/wordpress\/segunda\/wp-content\/uploads\/2020\/06\/NuevaNormalidadRequena2.jpg 787w, https:\/\/www.tucomarca.com\/wordpress\/segunda\/wp-content\/uploads\/2020\/06\/NuevaNormalidadRequena2-290x290.jpg 290w, https:\/\/www.tucomarca.com\/wordpress\/segunda\/wp-content\/uploads\/2020\/06\/NuevaNormalidadRequena2-300x300.jpg 300w, https:\/\/www.tucomarca.com\/wordpress\/segunda\/wp-content\/uploads\/2020\/06\/NuevaNormalidadRequena2-768x768.jpg 768w\" sizes=\"auto, (max-width: 787px) 100vw, 787px\" \/><\/figure><\/li><li class=\"blocks-gallery-item\"><figure><img loading=\"lazy\" decoding=\"async\" width=\"787\" height=\"787\" src=\"https:\/\/www.tucomarca.com\/wordpress\/segunda\/wp-content\/uploads\/2020\/06\/NuevaNormalidadRequena3.jpg\" alt=\"\" data-id=\"109211\" data-link=\"https:\/\/www.tucomarca.com\/wordpress\/segunda\/?attachment_id=109211\" class=\"wp-image-109211\" srcset=\"https:\/\/www.tucomarca.com\/wordpress\/segunda\/wp-content\/uploads\/2020\/06\/NuevaNormalidadRequena3.jpg 787w, https:\/\/www.tucomarca.com\/wordpress\/segunda\/wp-content\/uploads\/2020\/06\/NuevaNormalidadRequena3-290x290.jpg 290w, https:\/\/www.tucomarca.com\/wordpress\/segunda\/wp-content\/uploads\/2020\/06\/NuevaNormalidadRequena3-300x300.jpg 300w, https:\/\/www.tucomarca.com\/wordpress\/segunda\/wp-content\/uploads\/2020\/06\/NuevaNormalidadRequena3-768x768.jpg 768w\" sizes=\"auto, (max-width: 787px) 100vw, 787px\" \/><\/figure><\/li><li class=\"blocks-gallery-item\"><figure><img loading=\"lazy\" decoding=\"async\" width=\"787\" height=\"787\" src=\"https:\/\/www.tucomarca.com\/wordpress\/segunda\/wp-content\/uploads\/2020\/06\/NuevaNormalidadRequena4.jpg\" alt=\"\" data-id=\"109213\" data-link=\"https:\/\/www.tucomarca.com\/wordpress\/segunda\/?attachment_id=109213\" class=\"wp-image-109213\" srcset=\"https:\/\/www.tucomarca.com\/wordpress\/segunda\/wp-content\/uploads\/2020\/06\/NuevaNormalidadRequena4.jpg 787w, https:\/\/www.tucomarca.com\/wordpress\/segunda\/wp-content\/uploads\/2020\/06\/NuevaNormalidadRequena4-290x290.jpg 290w, https:\/\/www.tucomarca.com\/wordpress\/segunda\/wp-content\/uploads\/2020\/06\/NuevaNormalidadRequena4-300x300.jpg 300w, https:\/\/www.tucomarca.com\/wordpress\/segunda\/wp-content\/uploads\/2020\/06\/NuevaNormalidadRequena4-768x768.jpg 768w\" sizes=\"auto, (max-width: 787px) 100vw, 787px\" \/><\/figure><\/li><li class=\"blocks-gallery-item\"><figure><img loading=\"lazy\" decoding=\"async\" width=\"787\" height=\"787\" src=\"https:\/\/www.tucomarca.com\/wordpress\/segunda\/wp-content\/uploads\/2020\/06\/NuevaNormalidadRequena5.jpg\" alt=\"\" data-id=\"109215\" data-link=\"https:\/\/www.tucomarca.com\/wordpress\/segunda\/?attachment_id=109215\" class=\"wp-image-109215\" srcset=\"https:\/\/www.tucomarca.com\/wordpress\/segunda\/wp-content\/uploads\/2020\/06\/NuevaNormalidadRequena5.jpg 787w, https:\/\/www.tucomarca.com\/wordpress\/segunda\/wp-content\/uploads\/2020\/06\/NuevaNormalidadRequena5-290x290.jpg 290w, https:\/\/www.tucomarca.com\/wordpress\/segunda\/wp-content\/uploads\/2020\/06\/NuevaNormalidadRequena5-300x300.jpg 300w, https:\/\/www.tucomarca.com\/wordpress\/segunda\/wp-content\/uploads\/2020\/06\/NuevaNormalidadRequena5-768x768.jpg 768w\" sizes=\"auto, (max-width: 787px) 100vw, 787px\" \/><\/figure><\/li><\/ul>\n\n\n\n<p>Con la llegada de la nueva normalidad a todo el estado espa\u00f1ol, se enumeran a continuaci\u00f3n los principales cambios que supone y su aplicaci\u00f3n en nuestro municipio:<\/p>\n\n\n\n<p>En el \u00e1mbito de las disposiciones generales, cualquier actividad permitida deber\u00e1 desarrollarse en las condiciones de seguridad establecidas: medidas de prevenci\u00f3n e higiene, autoprotecci\u00f3n y distanciamiento interpersonal.<\/p>\n\n\n\n<p>El uso de mascarilla es obligatorio para mayores de 6 a\u00f1os en la v\u00eda p\u00fablica, en espacios al aire libre y en cualquier espacio cerrado de uso p\u00fablico o que se encuentre abierto al p\u00fablico, siempre que no sea posible mantener una distancia de seguridad de al menos dos metros.<\/p>\n\n\n\n<p>Todos los locales y dem\u00e1s establecimientos, as\u00ed como el equipamiento de las actividades permitidas deber\u00e1n ser peri\u00f3dicamente desinfectados e higienizados.<\/p>\n\n\n\n<p>Se permite el uso compartido de veh\u00edculos privados, limitado a dos personas por cada fila de asientos, siempre con mascarilla y respetando la distancia. No obstante, las personas que residan en la misma vivienda podr\u00e1n compartir un mismo veh\u00edculo sin que sea necesario el uso de mascarilla.<\/p>\n\n\n\n<p>Por lo que respecta a espacios p\u00fablicos, la biblioteca municipal permanecer\u00e1 abierta s\u00f3lo para pr\u00e9stamos y devoluciones.<\/p>\n\n\n\n<p>El horario de apertura es de 10h a 14h y de 17h a 19h.<\/p>\n\n\n\n<p>Por otro lado, en cuanto a las instalaciones deportivas, est\u00e1n abiertas bajo demanda las pistas de tenis, padel y front\u00f3n, adem\u00e1s de la posibilidad de reservar una calle en la pista de atletismo para correr.<\/p>\n\n\n\n<p>Asimismo, las zonas deportivas al aire libre est\u00e1n abiertas para practicar deporte individual, respetando las medidas de seguridad e higiene.<\/p>\n\n\n\n<p>Tambi\u00e9n los parques infantiles est\u00e1n abiertos para su uso, siempre respetando las medidas de seguridad e higiene.<\/p>\n\n\n\n<p>Los museos e instalaciones referentes al turismo abiertos al p\u00fablico y sus horarios son los siguientes:<\/p>\n\n\n\n<ul class=\"wp-block-list\"><li>Oficina de Turismo: 10:00 a 14:00 y 17:00 a 20:00 horas.<\/li><li>Museo Municipal: 10:30 a 14:00 horas.<\/li><li>Museo del Vino: 10:30 a 14:00 y 17:00 a 20:00 horas.<\/li><li>Museo \u00abFlorencio de la Fuente\u00bb: 17:00 a 20:00 horas<\/li><\/ul>\n\n\n\n<p>Con respecto al comercio minorista y de prestaci\u00f3n de servicios, puede abrir ampliando al 75% el aforo de sus locales.<\/p>\n\n\n\n<p>Por su parte, los mercados al aire libre o de venta no sedentaria en la via p\u00fablica (mercadillos), deben limitar la afluencia de clientes asegurando la distancia social de dos metros y al 75% el aforo.<\/p>\n\n\n\n<p>En otro orden de cosas, los locales de hosteler\u00eda y restauraci\u00f3n no pueden superar el 75 por ciento de su aforo.<\/p>\n\n\n\n<p>Est\u00e1 permitido el consumo en la barra siempre que se garantice la distancia m\u00ednima de seguridad.<\/p>\n\n\n\n<p>Las terrazas aumentan su aforo hasta el 100% y con una ocupaci\u00f3n m\u00e1xima de 20 personas por mesa o agrupaci\u00f3n de mesas.<\/p>\n\n\n\n<p>Deber\u00e1 asegurarse, asimismo, que se mantiene la debida distancia f\u00edsica de al menos dos metros entre las mesas o, en su caso, agrupaciones de mesas.<\/p>\n\n\n\n<p>Reabren adem\u00e1s las discotecas y bares de ocio nocturno con 1\/3 de su aforo.<\/p>\n\n\n\n<p>La pista de baile o similar, se utilizar\u00e1 para instalar mesas o agrupaciones de mesas, pero no se puede dedicar al baile.<\/p>\n\n\n\n<p>En cualquier caso, se debe procurar el pago con tarjeta u otros medios que no supongan contacto f\u00edsico entre dispositivos, evitando, en la medida de lo posible, el uso de dinero en efectivo.<\/p>\n\n\n\n<p><strong>Otras disposiciones a tener en cuenta:<\/strong><\/p>\n\n\n\n<p>Distancia de seguridad interpersonal: 1,5 metros o, en su defecto, medidas alternativas de protecci\u00f3n f\u00edsica con uso de mascarilla de higiene adecuadas y etiqueta respiratoria.<\/p>\n\n\n\n<p>Velatorios y entierros: L\u00edmite m\u00e1ximo de 25 personas en espacios cerrados y de 50 si es al aire libre o en la comitiva para la despedida de la persona fallecida.<\/p>\n\n\n\n<p>Se permite la asistencia a lugares de culto, siempre que no se supere un 75% de su aforo.<\/p>\n\n\n\n<p>Ceremonias nupciales y otras celebraciones religiosas: podr\u00e1n realizarse con un aforo del 75%.<\/p>\n\n\n\n<p>Se pueden visitar viviendas tuteladas, centros residenciales de personas con discapacidad y centros residenciales de personas mayores.<\/p>\n\n\n\n<p>En este \u00faltimo caso preferentemente en supuestos excepcionales.<\/p>\n\n\n\n<p>Ante s\u00edntomas compatibles con coronavirus, se debe proceder al aislamiento, quedarse en casa, llamar al 900 300 555 o solicitar cita con el centro de salud ya sea a trav\u00e9s de la web de la Conselleria de Sanitat Universal i Salut P\u00fablica o de la App GVA CORONAVIRUS.<br><\/p>\n","protected":false},"excerpt":{"rendered":"<div class=\"mh-excerpt\">Ante s\u00edntomas compatibles con coronavirus, se debe proceder al aislamiento, quedarse en casa, llamar al 900 300 555 o solicitar cita con el centro de salud ya sea a trav\u00e9s de la web de la <a class=\"mh-excerpt-more\" href=\"https:\/\/www.tucomarca.com\/wordpress\/segunda\/nueva-normalidad-y-su-aplicacion-en-requena\/\" title=\"Nueva normalidad y su aplicaci\u00f3n en Requena\">[+] <\/a><\/div>\n","protected":false},"author":12,"featured_media":109207,"comment_status":"open","ping_status":"open","sticky":false,"template":"","format":"standard","meta":{"footnotes":""},"categories":[119,12201,128,8,142,28,27,3,116],"tags":[2850,11937,11938,11951,12300,10387],"class_list":{"0":"post-109204","1":"post","2":"type-post","3":"status-publish","4":"format-standard","5":"has-post-thumbnail","7":"category-sanidad-la-comarca","8":"category-covid-19","9":"category-infraestructuras","10":"category-la-comarca","11":"category-politica-la-comarca","12":"category-requena","13":"category-requena-utiel","14":"category-seccion","15":"category-sucesos-la-comarca","16":"tag-ayuntamiento-de-requena","17":"tag-coronavirus","18":"tag-covid-19","19":"tag-covid2019","20":"tag-nueva-normalidad","21":"tag-requena-utiel"},"_links":{"self":[{"href":"https:\/\/www.tucomarca.com\/wordpress\/segunda\/wp-json\/wp\/v2\/posts\/109204","targetHints":{"allow":["GET"]}}],"collection":[{"href":"https:\/\/www.tucomarca.com\/wordpress\/segunda\/wp-json\/wp\/v2\/posts"}],"about":[{"href":"https:\/\/www.tucomarca.com\/wordpress\/segunda\/wp-json\/wp\/v2\/types\/post"}],"author":[{"embeddable":true,"href":"https:\/\/www.tucomarca.com\/wordpress\/segunda\/wp-json\/wp\/v2\/users\/12"}],"replies":[{"embeddable":true,"href":"https:\/\/www.tucomarca.com\/wordpress\/segunda\/wp-json\/wp\/v2\/comments?post=109204"}],"version-history":[{"count":0,"href":"https:\/\/www.tucomarca.com\/wordpress\/segunda\/wp-json\/wp\/v2\/posts\/109204\/revisions"}],"wp:featuredmedia":[{"embeddable":true,"href":"https:\/\/www.tucomarca.com\/wordpress\/segunda\/wp-json\/wp\/v2\/media\/109207"}],"wp:attachment":[{"href":"https:\/\/www.tucomarca.com\/wordpress\/segunda\/wp-json\/wp\/v2\/media?parent=109204"}],"wp:term":[{"taxonomy":"category","embeddable":true,"href":"https:\/\/www.tucomarca.com\/wordpress\/segunda\/wp-json\/wp\/v2\/categories?post=109204"},{"taxonomy":"post_tag","embeddable":true,"href":"https:\/\/www.tucomarca.com\/wordpress\/segunda\/wp-json\/wp\/v2\/tags?post=109204"}],"curies":[{"name":"wp","href":"https:\/\/api.w.org\/{rel}","templated":true}]}}