{"id":109221,"date":"2020-06-24T23:16:18","date_gmt":"2020-06-24T21:16:18","guid":{"rendered":"http:\/\/www.tucomarca.com\/wordpress\/segunda\/?p=109221"},"modified":"2020-06-24T23:16:22","modified_gmt":"2020-06-24T21:16:22","slug":"gaspar-anuncia-una-nueva-estructura-de-organizacion-de-personal-para-la-diputacio-consensuada-y-acorde-al-siglo-xxi","status":"publish","type":"post","link":"https:\/\/www.tucomarca.com\/wordpress\/segunda\/gaspar-anuncia-una-nueva-estructura-de-organizacion-de-personal-para-la-diputacio-consensuada-y-acorde-al-siglo-xxi\/","title":{"rendered":"Gaspar anuncia una nueva estructura de organizaci\u00f3n de personal para la Diputaci\u00f3 consensuada y acorde al siglo XXI"},"content":{"rendered":"\n<p><strong>El presidente de la Diputaci\u00f3 de Val\u00e8ncia hace part\u00edcipes a oposici\u00f3n, sindicatos y trabajadores de su apuesta por una sola Relaci\u00f3n de Puestos de Trabajo al a\u00f1o: \u201cEs momento de pasar del qu\u00e9 hay de lo m\u00edo al qu\u00e9 hay de lo nuestro\u201d<\/strong><\/p>\n\n\n\n<p><strong>El pleno de junio aprueba, adem\u00e1s de la modificaci\u00f3n de la RPT para cubrir las necesidades de la instituci\u00f3n, la ampliaci\u00f3n hasta octubre de los plazos para que los municipios justifiquen las obras del SOM 18\/19 y el IFS de 2018<\/strong><\/p>\n\n\n\n<figure class=\"wp-block-image\"><img loading=\"lazy\" decoding=\"async\" width=\"787\" height=\"512\" src=\"https:\/\/www.tucomarca.com\/wordpress\/segunda\/wp-content\/uploads\/2020\/06\/plenojunioDipu.jpg\" alt=\"\" class=\"wp-image-109223\" srcset=\"https:\/\/www.tucomarca.com\/wordpress\/segunda\/wp-content\/uploads\/2020\/06\/plenojunioDipu.jpg 787w, https:\/\/www.tucomarca.com\/wordpress\/segunda\/wp-content\/uploads\/2020\/06\/plenojunioDipu-300x195.jpg 300w, https:\/\/www.tucomarca.com\/wordpress\/segunda\/wp-content\/uploads\/2020\/06\/plenojunioDipu-768x500.jpg 768w\" sizes=\"auto, (max-width: 787px) 100vw, 787px\" \/><\/figure>\n\n\n\n<p>El presidente de la Diputaci\u00f3 de Val\u00e8ncia, Toni Gaspar, ha zanjado este martes la pol\u00e9mica de la modificaci\u00f3n de puestos de trabajo en la corporaci\u00f3n provincial, al anunciar durante la sesi\u00f3n plenaria de junio que a partir de este momento \u201csolo habr\u00e1 una RPT al a\u00f1o, que estar\u00e1 recogida en el presupuesto y tratar\u00e1 de organizar la instituci\u00f3n de la mejor manera posible, con una columna vertebral nueva acorde al siglo XXI y la participaci\u00f3n de todos los grupos pol\u00edticos, sindicatos y trabajadores\u201d.<\/p>\n\n\n\n<p>Gaspar se ha mostrado tajante a la hora de se\u00f1alar que \u201ces momento de pasar del qu\u00e9 hay de lo m\u00edo al qu\u00e9 hay de lo nuestro\u201d. De esta forma, el presidente ha recogido el guante lanzado por la oposici\u00f3n, en especial el PP y Ciudadanos, y ha instado a todos, gobierno y oposici\u00f3n, a \u201cponerse las pilas para seguir avanzando en la modernizaci\u00f3n de una Diputaci\u00f3 que debe determinar por unanimidad c\u00f3mo trabajar mejor y dar respuesta a las necesidades de los municipios, que no son las mismas que ten\u00eda el mundo de hace tres meses, ya caducado\u201d.<\/p>\n\n\n\n<p>El m\u00e1ximo responsable provincial ha recordado, desde la \u201cgeometr\u00eda variable\u201d de sus distintas experiencias en la casa tanto en gobierno como en oposici\u00f3n, que este debate sobre las modificaciones de puestos de trabajo \u201clleva a\u00f1os produci\u00e9ndose siguiendo un mismo gui\u00f3n, con id\u00e9nticos argumentos por parte de distintos partidos seg\u00fan ocupan una u otra bancada, lo que nos aboca a sucesivas modificaciones cortoplacistas que no tienen en cuenta la organizaci\u00f3n a medio y largo plazo que necesita cualquier administraci\u00f3n\u201d.<\/p>\n\n\n\n<p>Admite el presidente de la Diputaci\u00f3 que un acuerdo sobre cuestiones de personal siempre es \u201ccomplicado\u201d, pero considera que finalmente \u201cser\u00e1 posible dejar de arrojarnos los trastos a la cabeza y consensuar las mejoras necesarias para hacer frente a las exigencias de la estructura laboral de la instituci\u00f3n y de nuevas realidades como el teletrabajo, dejando tranquilos al diputado o la diputada de Personal de turno, que solo tratan de organizar el servicio de la mejor manera\u201d.<\/p>\n\n\n\n<p><strong>Debate laboral en un pleno hist\u00f3rico<\/strong><\/p>\n\n\n\n<p>Antes de la intervenci\u00f3n de Toni Gaspar sobre la Relaci\u00f3n de Puestos de Trabajo (RPT), los distintos grupos han avivado un debate que ha comenzado Ciudadanos. El diputado Jes\u00fas Gimeno ha cuestionado la ausencia de informes t\u00e9cnicos que justifiquen la modificaci\u00f3n llevada a pleno, y ha repasado las reivindicaciones sindicales antes de concluir que esta RPT \u201cno era necesaria y no concede preferencia al personal de la Diputaci\u00f3n\u201d.<\/p>\n\n\n\n<p>Ximo Segarra, en representaci\u00f3n del PP, ha lamentado \u201clas tres modificaciones que llevamos en esta legislatura y que han afectado a m\u00e1s de 300 puestos de trabajo, que poco tienen que ver con una planificaci\u00f3n de futuro\u201d. Seg\u00fan el diputado popular, \u201cempleados y sindicatos no entienden estos cambios y tampoco que algunas plazas se abran a otras administraciones y otras no\u201d. En opini\u00f3n de Segarra, se pone de manifiesto \u201cuna absoluta falta de criterio que nos deja la duda que apunta alg\u00fan sindicato de que pueda haber trajes a medida\u201d.&nbsp;<\/p>\n\n\n\n<p>En respuesta a la oposici\u00f3n, la diputada de Personal, Pilar Molina, ha defendido que la gesti\u00f3n de su departamento \u201cbusca siempre lo mejor para la instituci\u00f3n, teniendo en cuenta las necesidades de los departamentos en cada momento, como puede ser reforzar el asesoramiento a los municipios, la eficiencia energ\u00e9tica, la prevenci\u00f3n a causa de la pandemia o la apertura de nuevas oficinas de gesti\u00f3n tributaria\u201d.&nbsp;<\/p>\n\n\n\n<p>Molina ha explicado que se recurre a otras administraciones cuando no hay personal cualificado en la Diputaci\u00f3n para desempe\u00f1ar determinados trabajos que forman parte de la Oferta P\u00fablica de Empleo (OPE) de 2019, y ha asegurado que los sindicatos \u201chan tenido la informaci\u00f3n necesaria, aunque no siempre es posible llegar a un acuerdo con todos\u201d.&nbsp;<\/p>\n\n\n\n<p>Por su parte, el portavoz de La Vall ens Uneix, Joan Sanchis, ha dado un voto de confianza al equipo de gobierno provincial en la modificaci\u00f3n de la RPT, esgrimiendo que \u201ctodas las administraciones tratan de resolver el tema de las necesidades laborales de la mejor manera posible\u201d.<\/p>\n\n\n\n<p>La reflexi\u00f3n de Gaspar ha cerrado el debate sobre la modificaci\u00f3n de la RPT, aprobada por PSPV, Comprom\u00eds y La Vall en los primeros compases de un pleno hist\u00f3rico por varios motivos, entre ellos el de ser la primera instituci\u00f3n valenciana que regresa a la normalidad con una sesi\u00f3n 100% presencial tras la pandemia. Tambi\u00e9n ha resultado novedoso el escenario del pleno, que en esta ocasi\u00f3n ha sido la Sala Alfons el Magn\u00e0nim de la Benefic\u00e8ncia, propiedad de la Diputaci\u00f3.<\/p>\n\n\n\n<p>Lo que no ha cambiado es la apuesta firme del presidente Gaspar y el equipo de gobierno en la lucha contra la violencia de g\u00e9nero. Tras recordar a M\u00aa Bel\u00e9n, Josefa y Annick, \u201casesinadas a manos de tres miserables cobardes\u201d, Toni Gaspar ha insistido en que la instituci\u00f3n que dirige \u201cno aceptar\u00e1 como normalidad estas muertes ni las 238 detenciones registradas durante el estado de alarma por violencia machista\u201d.<\/p>\n\n\n\n<p><strong>Ampliaci\u00f3n de plazos<\/strong><\/p>\n\n\n\n<p>El pleno de junio ha aprobado adem\u00e1s la ampliaci\u00f3n de plazos para la justificaci\u00f3n de las obras del SOM 18\/19 y el IFS de 2018, con el fin de facilitar a los municipios la tramitaci\u00f3n y ejecuci\u00f3n de estas actuaciones de mejora en los pueblos de la provincia. El vicepresidente y diputado de Cooperaci\u00f3n, Carlos Fern\u00e1ndez Bielsa, ha agradecido a todos los grupos la unanimidad a la hora de atender la \u201cpetici\u00f3n de la inmensa mayor\u00eda de alcaldes y alcaldesas\u201d.<\/p>\n\n\n\n<p>De esta forma, el plazo para justificar los proyectos del Plan de Servicios y Obras Municipales de 2018-19, que finalizaba el 20 de julio, se ampl\u00eda hasta el 27 de octubre, y el plazo de justificaci\u00f3n de las obras del Plan de Inversiones Financieramente Sostenibles de 2018 se ampl\u00eda del 6 de julio al 12 de octubre. En ambos casos, la prolongaci\u00f3n responde a los 99 d\u00edas que ha durado el estado de alarma.<\/p>\n\n\n\n<p>La sesi\u00f3n plenaria de junio en la Diputaci\u00f3 de Val\u00e8ncia se ha cerrado con la lectura de una declaraci\u00f3n institucional, firmada por todos los grupos tras la moci\u00f3n presentada por Ciudadanos, sobre la ejecuci\u00f3n de las alternativas propuestas en el informe Cedex para las playas de Tavernes de la Valldigna.<\/p>\n","protected":false},"excerpt":{"rendered":"<div class=\"mh-excerpt\">El presidente de la Diputaci\u00f3 de Val\u00e8ncia hace part\u00edcipes a oposici\u00f3n, sindicatos y trabajadores de su apuesta por una sola Relaci\u00f3n de Puestos de Trabajo al a\u00f1o: \u201cEs momento de pasar del qu\u00e9 hay de <a class=\"mh-excerpt-more\" href=\"https:\/\/www.tucomarca.com\/wordpress\/segunda\/gaspar-anuncia-una-nueva-estructura-de-organizacion-de-personal-para-la-diputacio-consensuada-y-acorde-al-siglo-xxi\/\" title=\"Gaspar anuncia una nueva estructura de organizaci\u00f3n de personal para la Diputaci\u00f3 consensuada y acorde al siglo XXI\">[+] <\/a><\/div>\n","protected":false},"author":12,"featured_media":109225,"comment_status":"open","ping_status":"open","sticky":false,"template":"","format":"standard","meta":{"footnotes":""},"categories":[12201,128,8,72,142,3,116,45],"tags":[11937,11938,11951,4013],"class_list":{"0":"post-109221","1":"post","2":"type-post","3":"status-publish","4":"format-standard","5":"has-post-thumbnail","7":"category-covid-19","8":"category-infraestructuras","9":"category-la-comarca","10":"category-sin-categorizar","11":"category-politica-la-comarca","12":"category-seccion","13":"category-sucesos-la-comarca","14":"category-ventana","15":"tag-coronavirus","16":"tag-covid-19","17":"tag-covid2019","18":"tag-diputacion-de-valencia"},"_links":{"self":[{"href":"https:\/\/www.tucomarca.com\/wordpress\/segunda\/wp-json\/wp\/v2\/posts\/109221","targetHints":{"allow":["GET"]}}],"collection":[{"href":"https:\/\/www.tucomarca.com\/wordpress\/segunda\/wp-json\/wp\/v2\/posts"}],"about":[{"href":"https:\/\/www.tucomarca.com\/wordpress\/segunda\/wp-json\/wp\/v2\/types\/post"}],"author":[{"embeddable":true,"href":"https:\/\/www.tucomarca.com\/wordpress\/segunda\/wp-json\/wp\/v2\/users\/12"}],"replies":[{"embeddable":true,"href":"https:\/\/www.tucomarca.com\/wordpress\/segunda\/wp-json\/wp\/v2\/comments?post=109221"}],"version-history":[{"count":0,"href":"https:\/\/www.tucomarca.com\/wordpress\/segunda\/wp-json\/wp\/v2\/posts\/109221\/revisions"}],"wp:featuredmedia":[{"embeddable":true,"href":"https:\/\/www.tucomarca.com\/wordpress\/segunda\/wp-json\/wp\/v2\/media\/109225"}],"wp:attachment":[{"href":"https:\/\/www.tucomarca.com\/wordpress\/segunda\/wp-json\/wp\/v2\/media?parent=109221"}],"wp:term":[{"taxonomy":"category","embeddable":true,"href":"https:\/\/www.tucomarca.com\/wordpress\/segunda\/wp-json\/wp\/v2\/categories?post=109221"},{"taxonomy":"post_tag","embeddable":true,"href":"https:\/\/www.tucomarca.com\/wordpress\/segunda\/wp-json\/wp\/v2\/tags?post=109221"}],"curies":[{"name":"wp","href":"https:\/\/api.w.org\/{rel}","templated":true}]}}