{"id":109251,"date":"2020-06-24T23:21:09","date_gmt":"2020-06-24T21:21:09","guid":{"rendered":"http:\/\/www.tucomarca.com\/wordpress\/segunda\/?p=109251"},"modified":"2020-06-24T23:21:11","modified_gmt":"2020-06-24T21:21:11","slug":"se-reune-en-bunol-la-federacion-de-pensionistas-de-cc-oo-pv-de-las-comarcas-de-interior","status":"publish","type":"post","link":"https:\/\/www.tucomarca.com\/wordpress\/segunda\/se-reune-en-bunol-la-federacion-de-pensionistas-de-cc-oo-pv-de-las-comarcas-de-interior\/","title":{"rendered":"Se re\u00fane en Bu\u00f1ol la Federaci\u00f3n de Pensionistas de CC OO PV de las Comarcas de Interior"},"content":{"rendered":"\n<p><strong>Este martes se reuni\u00f3 en Bu\u00f1ol la Federaci\u00f3n de Pensionistas de CCOO del PV con afiliados del sindicato. La federaci\u00f3n cont\u00f3 con la presencia de su secretario general Evaristo Soto y del miembro de la ejecutiva de pensionistas Pep Montalt<\/strong><\/p>\n\n\n\n<p>El contenido de la reuni\u00f3n tuvo dos objetivos principales: la organizaci\u00f3n sindical de los&nbsp; y las pensionistas en nuestras comarcas del interior, y para este objetivo entre los afiliados presentes en la reuni\u00f3n del martes se form\u00f3 un grupo de coordinaci\u00f3n con la misi\u00f3n de convocar para septiembre a la afiliaci\u00f3n y simpatizantes de las comarcas de La Plana de Utiel-Requena, Valle de Ayora, Hoya de Bu\u00f1ol-Chiva y Camp del Turia con el fin de reflexionar, debatir y organizar a las personas mayores&nbsp; para afrontar con eficacia los retos sanitarios y de atenci\u00f3n social que durante y tras la pandemia nos vamos a enfrentar las personas mayores para poder desarrollar una vida plena y saludable, para lo cual se necesita potenciar tanto unos servicios p\u00fablicos sociales con suficiente capacidad para atender las necesidades de las personas mayores como un nivel de ingresos digno a trav\u00e9s de la defensa de las pensiones p\u00fablicas y su revalorizaci\u00f3n blindada con las subidas de la carest\u00eda de la vida. Para articular este debate la Federaci\u00f3n de Pensionistas de CCOO PV ha publicado el documento \u201cALGUNAS RELFLEXIONES Y PROPUESTAS SOBRE EL CUIDADO DE LAS PERSONAS MAYORES\u201d texto a mejorar y enriquecer a los largo de las asambleas de pensionistas que iniciaremos a partir de septiembre. Adjuntamos&nbsp; a esta nota de prensa&nbsp; dicho documento.<\/p>\n\n\n\n<p>El segundo objetivo de la reuni\u00f3n fue la de informar sobre el proceso para el Congreso Confederal de CCOO que la direcci\u00f3n&nbsp; estatal del sindicato ha fijado para el mes de julio de 2021 en la reuni\u00f3n del \u00faltimo Consejo Confederal celebrado el pasado d\u00eda 16 de este mes. A partir de la convocatoria del Congreso la Federaci\u00f3n de Pensionistas del PV ha marcado un calendario de Asambleas y Congresos comarcales donde se debatir\u00e1n las ponencias del&nbsp; Congreso y se elegir\u00e1n a las delegadas y delegados al Congreso del Pa\u00eds Valenciano y al estatal. La intenci\u00f3n de la Federaci\u00f3n valenciana de pensionistas de nuestro sindicato es la de potenciar y reforzar la participaci\u00f3n de nuestro afiliados y militantes en las decisiones que se toman en el sindicato y tener voz propia en los temas que directamente afectan a las personas mayores.<\/p>\n\n\n\n<p>Finalmente se inform\u00f3 de la adhesi\u00f3n de CCOO-PV a la convocatoria de movilizaci\u00f3n de este s\u00e1bado 27 de junio en Alicante, Castell\u00f3n Elche y Valencia <strong>POR UN PACTO PARA UN NUEVO MODELO SOCIAL Y ECONOMICO. <\/strong>Esta convocatoria viene avalada por m\u00e1s de ciento cincuenta profesionales de la sanidad, la cultura, la ciencia, el periodismo, economistas, juristas y de las organizaciones sociales y sindicales. El grupo de coordinaci\u00f3n del sindicato en las comarcas del interior se encarg\u00f3 de la difusi\u00f3n de esta importante convocatoria a trav\u00e9s de los medios de comunicaci\u00f3n comarcales.&nbsp;<\/p>\n\n\n\n<p>Antes de finalizar la reuni\u00f3n el Secretario General de pensionistas de CCOO PV, Evaristo Soto, invit\u00f3 a los afiliados presentes a participar en la reuni\u00f3n de la ejecutiva de la federaci\u00f3n que se llevar\u00e1 a cabo el jueves 25 por v\u00eda telem\u00e1tica.<br><\/p>\n","protected":false},"excerpt":{"rendered":"<div class=\"mh-excerpt\">Este martes se reuni\u00f3 en Bu\u00f1ol la Federaci\u00f3n de Pensionistas de CCOO del PV con afiliados del sindicato. La federaci\u00f3n cont\u00f3 con la presencia de su secretario general Evaristo Soto y del miembro de la <a class=\"mh-excerpt-more\" href=\"https:\/\/www.tucomarca.com\/wordpress\/segunda\/se-reune-en-bunol-la-federacion-de-pensionistas-de-cc-oo-pv-de-las-comarcas-de-interior\/\" title=\"Se re\u00fane en Bu\u00f1ol la Federaci\u00f3n de Pensionistas de CC OO PV de las Comarcas de Interior\">[+] <\/a><\/div>\n","protected":false},"author":12,"featured_media":109253,"comment_status":"open","ping_status":"open","sticky":false,"template":"","format":"standard","meta":{"footnotes":""},"categories":[38,18,46,128,8,10,142,27,3],"tags":[203,12306,12148],"class_list":{"0":"post-109251","1":"post","2":"type-post","3":"status-publish","4":"format-standard","5":"has-post-thumbnail","7":"category-ayora-cofrentes","8":"category-bunol","9":"category-camp-de-turia","10":"category-infraestructuras","11":"category-la-comarca","12":"category-la-hoya","13":"category-politica-la-comarca","14":"category-requena-utiel","15":"category-seccion","16":"tag-ccoo","17":"tag-ccoo-federacion-de-pensionistas","18":"tag-comisiones-obreras-de-las-comarcas-del-interior"},"_links":{"self":[{"href":"https:\/\/www.tucomarca.com\/wordpress\/segunda\/wp-json\/wp\/v2\/posts\/109251","targetHints":{"allow":["GET"]}}],"collection":[{"href":"https:\/\/www.tucomarca.com\/wordpress\/segunda\/wp-json\/wp\/v2\/posts"}],"about":[{"href":"https:\/\/www.tucomarca.com\/wordpress\/segunda\/wp-json\/wp\/v2\/types\/post"}],"author":[{"embeddable":true,"href":"https:\/\/www.tucomarca.com\/wordpress\/segunda\/wp-json\/wp\/v2\/users\/12"}],"replies":[{"embeddable":true,"href":"https:\/\/www.tucomarca.com\/wordpress\/segunda\/wp-json\/wp\/v2\/comments?post=109251"}],"version-history":[{"count":0,"href":"https:\/\/www.tucomarca.com\/wordpress\/segunda\/wp-json\/wp\/v2\/posts\/109251\/revisions"}],"wp:featuredmedia":[{"embeddable":true,"href":"https:\/\/www.tucomarca.com\/wordpress\/segunda\/wp-json\/wp\/v2\/media\/109253"}],"wp:attachment":[{"href":"https:\/\/www.tucomarca.com\/wordpress\/segunda\/wp-json\/wp\/v2\/media?parent=109251"}],"wp:term":[{"taxonomy":"category","embeddable":true,"href":"https:\/\/www.tucomarca.com\/wordpress\/segunda\/wp-json\/wp\/v2\/categories?post=109251"},{"taxonomy":"post_tag","embeddable":true,"href":"https:\/\/www.tucomarca.com\/wordpress\/segunda\/wp-json\/wp\/v2\/tags?post=109251"}],"curies":[{"name":"wp","href":"https:\/\/api.w.org\/{rel}","templated":true}]}}