{"id":109270,"date":"2020-06-25T21:47:01","date_gmt":"2020-06-25T19:47:01","guid":{"rendered":"http:\/\/www.tucomarca.com\/wordpress\/segunda\/?p=109270"},"modified":"2020-06-25T21:47:03","modified_gmt":"2020-06-25T19:47:03","slug":"la-mancomunidad-de-la-hoya-y-el-campus-diversia-coordinan-una-escuela-de-verano-para-ninas-y-ninos-de-8-a-12-anos","status":"publish","type":"post","link":"https:\/\/www.tucomarca.com\/wordpress\/segunda\/la-mancomunidad-de-la-hoya-y-el-campus-diversia-coordinan-una-escuela-de-verano-para-ninas-y-ninos-de-8-a-12-anos\/","title":{"rendered":"La Mancomunidad de La Hoya y el Campus Diversia coordinan una escuela de verano para ni\u00f1as y ni\u00f1os de 8 a 12 a\u00f1os"},"content":{"rendered":"\n<p>Ha empezado el per\u00edodo de inscripci\u00f3n en Y\u00e1tova para una Escuela de Verano que est\u00e1 coordinada junto a otros municipios de la mancomunidad y con Campus Diversia. El per\u00edodo de inscripci\u00f3n en Alborache y Macastre ser\u00e1 del 1 al 6 de julio.<\/p>\n\n\n\n<p>Con esta escuela se quiere que la poblaci\u00f3n de 8 a 12 a\u00f1os pase unos d\u00edas jugando, divirti\u00e9ndose y aprendiendo mucho despu\u00e9s de que estos \u00faltimos meses hayan tenido un comportamiento tan ejemplar y solidario.<\/p>\n\n\n\n<p>La Escuela de Verano consta de 60 plazas,  30 de las cuales est\u00e1n disponibles para el municipio de Y\u00e1tova, 15 plazas ser\u00e1n para Alborache y otras 15 para Macastre.<\/p>\n\n\n\n<p>Para recibir toda la informaci\u00f3n se puede enviar un correo a juventud@mclahoya.es y seguir los pasos indicados.<br>Se ha elaborado un protocolo de prevenci\u00f3n del Covid-19 seg\u00fan las recomendaciones sanitarias.<\/p>\n","protected":false},"excerpt":{"rendered":"<div class=\"mh-excerpt\">Ha empezado el per\u00edodo de inscripci\u00f3n en Y\u00e1tova para una Escuela de Verano que est\u00e1 coordinada junto a otros municipios de la mancomunidad y con Campus Diversia. El per\u00edodo de inscripci\u00f3n en Alborache y Macastre <a class=\"mh-excerpt-more\" href=\"https:\/\/www.tucomarca.com\/wordpress\/segunda\/la-mancomunidad-de-la-hoya-y-el-campus-diversia-coordinan-una-escuela-de-verano-para-ninas-y-ninos-de-8-a-12-anos\/\" title=\"La Mancomunidad de La Hoya y el Campus Diversia coordinan una escuela de verano para ni\u00f1as y ni\u00f1os de 8 a 12 a\u00f1os\">[+] <\/a><\/div>\n","protected":false},"author":12,"featured_media":109274,"comment_status":"open","ping_status":"open","sticky":false,"template":"","format":"standard","meta":{"footnotes":""},"categories":[19,119,12201,128,8,10,13,142,3,116,11],"tags":[10755,10702,11513],"class_list":{"0":"post-109270","1":"post","2":"type-post","3":"status-publish","4":"format-standard","5":"has-post-thumbnail","7":"category-alborache","8":"category-sanidad-la-comarca","9":"category-covid-19","10":"category-infraestructuras","11":"category-la-comarca","12":"category-la-hoya","13":"category-macastre","14":"category-politica-la-comarca","15":"category-seccion","16":"category-sucesos-la-comarca","17":"category-yatova","18":"tag-ayuntamiento-de-alborache","19":"tag-ayuntamiento-de-yatova","20":"tag-mancomunidad-de-la-hoya-de-bunol-chiva"},"_links":{"self":[{"href":"https:\/\/www.tucomarca.com\/wordpress\/segunda\/wp-json\/wp\/v2\/posts\/109270","targetHints":{"allow":["GET"]}}],"collection":[{"href":"https:\/\/www.tucomarca.com\/wordpress\/segunda\/wp-json\/wp\/v2\/posts"}],"about":[{"href":"https:\/\/www.tucomarca.com\/wordpress\/segunda\/wp-json\/wp\/v2\/types\/post"}],"author":[{"embeddable":true,"href":"https:\/\/www.tucomarca.com\/wordpress\/segunda\/wp-json\/wp\/v2\/users\/12"}],"replies":[{"embeddable":true,"href":"https:\/\/www.tucomarca.com\/wordpress\/segunda\/wp-json\/wp\/v2\/comments?post=109270"}],"version-history":[{"count":0,"href":"https:\/\/www.tucomarca.com\/wordpress\/segunda\/wp-json\/wp\/v2\/posts\/109270\/revisions"}],"wp:featuredmedia":[{"embeddable":true,"href":"https:\/\/www.tucomarca.com\/wordpress\/segunda\/wp-json\/wp\/v2\/media\/109274"}],"wp:attachment":[{"href":"https:\/\/www.tucomarca.com\/wordpress\/segunda\/wp-json\/wp\/v2\/media?parent=109270"}],"wp:term":[{"taxonomy":"category","embeddable":true,"href":"https:\/\/www.tucomarca.com\/wordpress\/segunda\/wp-json\/wp\/v2\/categories?post=109270"},{"taxonomy":"post_tag","embeddable":true,"href":"https:\/\/www.tucomarca.com\/wordpress\/segunda\/wp-json\/wp\/v2\/tags?post=109270"}],"curies":[{"name":"wp","href":"https:\/\/api.w.org\/{rel}","templated":true}]}}