{"id":109281,"date":"2020-06-25T21:21:57","date_gmt":"2020-06-25T19:21:57","guid":{"rendered":"http:\/\/www.tucomarca.com\/wordpress\/segunda\/?p=109281"},"modified":"2020-06-25T21:21:59","modified_gmt":"2020-06-25T19:21:59","slug":"el-ayuntamiento-de-utiel-ofrece-el-servicio-de-orientacion-y-tramitacion-del-ingreso-minimo-vital","status":"publish","type":"post","link":"https:\/\/www.tucomarca.com\/wordpress\/segunda\/el-ayuntamiento-de-utiel-ofrece-el-servicio-de-orientacion-y-tramitacion-del-ingreso-minimo-vital\/","title":{"rendered":"El Ayuntamiento de Utiel ofrece el servicio de orientaci\u00f3n y tramitaci\u00f3n del Ingreso M\u00ednimo Vital"},"content":{"rendered":"\n<p><strong>Los beneficiarios pueden solicitar cita previa a trav\u00e9s del departamento de Servicios Sociales llamando al 674 763 393<\/strong><\/p>\n\n\n\n<p>El Ayuntamiento de Utiel ha puesto en marcha el servicio de orientaci\u00f3n y tramitaci\u00f3n del Ingreso M\u00ednimo Vital dirigido a aquellos ciudadanos que tengan dificultades a la hora de gestionar esta prestaci\u00f3n destinada a personas en situaci\u00f3n vulnerable.<\/p>\n\n\n\n<p>De este modo, el consistorio facilita a los posibles beneficiarios el acceso a este tipo de ayudas aprobadas por el Gobierno Central informando sobre los requisitos para solicitar la prestaci\u00f3n, as\u00ed como la documentaci\u00f3n necesaria para su tramitaci\u00f3n.<\/p>\n\n\n\n<p><strong>El departamento de Servicios Sociales ser\u00e1 el encargado de gestionar este tr\u00e1mite mediante cita previa telef\u00f3nica (<\/strong><strong>674763393)<\/strong><\/p>\n\n\n\n<p>La nueva prestaci\u00f3n de la Seguridad Social ser\u00e1 de car\u00e1cter permanente y tiene como principales objetivos la redistribuci\u00f3n de la renta, con la intenci\u00f3n de erradicar la pobreza extrema y favorecer la inclusi\u00f3n social y participaci\u00f3n en el mercado laboral de las personas en situaci\u00f3n de vulnerabilidad.<\/p>\n\n\n\n<p><strong>Beneficiarios&nbsp;<\/strong><\/p>\n\n\n\n<p>El Ingreso M\u00ednimo Vital es una prestaci\u00f3n para hogares de cualquier tama\u00f1o, tambi\u00e9n los unipersonales, que se encuentren en una situaci\u00f3n de vulnerabilidad.&nbsp;<\/p>\n\n\n\n<p>Si el hogar est\u00e1 formado por una sola persona el titular tendr\u00e1 entre 23 y 65 a\u00f1os y llevar\u00e1 al menos tres a\u00f1os constituido como hogar. Si tiene dos o m\u00e1s miembros, de manera general la edad del titular tambi\u00e9n ser\u00e1 entre 23 y 65 a\u00f1os, salvo en los casos en que se cuente con menores a cargo, y los hogares deber\u00e1n llevar constituidos al menos un a\u00f1o.<\/p>\n\n\n\n<p>Para que le sea reconocida la prestaci\u00f3n, el hogar debe tener unos ingresos totales inferiores a la renta garantizada para su tipo de unidad de convivencia. Adem\u00e1s, para certificar que el Ingreso M\u00ednimo Vital llegue a los hogares m\u00e1s vulnerables, se exigir\u00e1 un patrimonio (descontando la vivienda habitual) inferior a 3 veces la renta garantizada anual para un hogar unipersonal, con una escala de incrementos por n\u00famero de miembros en el hogar.<\/p>\n\n\n\n<p><strong>Cuant\u00edas&nbsp;<\/strong><\/p>\n\n\n\n<p>Se establece un amplio abanico de tipolog\u00edas de hogar, cada una con un nivel de renta garantizado que oscila entre los 5.538 y 12.184 euros anuales. La prestaci\u00f3n se percibir\u00e1 mensualmente y se cobrar\u00e1 en 12 pagas.&nbsp;<\/p>\n\n\n\n<p>Una ayuda que ser\u00e1 compatible con rentas salariales e incluir\u00e1 incentivos al empleo en forma de bonus para quienes empiecen a trabajar o aumenten el n\u00famero de horas de ocupaci\u00f3n.<\/p>\n\n\n\n<p><strong>Tramitaci\u00f3n<\/strong><\/p>\n\n\n\n<p>Los\/as vecinos\/as del municipio de Utiel que quieran solicitar el Ingreso M\u00ednimo Vital pueden pedir cita previa a trav\u00e9s del departamento de Servicios Sociales del consistorio (674 763 393) de lunes a jueves en horario de 9.30 a 13.30 horas.&nbsp;<\/p>\n\n\n\n<p>Tambi\u00e9n pueden ponerse en contacto a trav\u00e9s del mail educadorsocial@utiel.es<\/p>\n\n\n\n<p>Las solicitudes se podr\u00e1n presentar a trav\u00e9s de la sede electr\u00f3nica de la <a href=\"http:\/\/www.seg-social.es\/wps\/portal\/wss\/internet\/Inicio\">Seguridad Social<\/a> o enviando la documentaci\u00f3n por correo ordinario.<\/p>\n","protected":false},"excerpt":{"rendered":"<div class=\"mh-excerpt\">Los beneficiarios pueden solicitar cita previa a trav\u00e9s del departamento de Servicios Sociales llamando al 674 763 393 El Ayuntamiento de Utiel ha puesto en marcha el servicio de orientaci\u00f3n y tramitaci\u00f3n del Ingreso M\u00ednimo <a class=\"mh-excerpt-more\" href=\"https:\/\/www.tucomarca.com\/wordpress\/segunda\/el-ayuntamiento-de-utiel-ofrece-el-servicio-de-orientacion-y-tramitacion-del-ingreso-minimo-vital\/\" title=\"El Ayuntamiento de Utiel ofrece el servicio de orientaci\u00f3n y tramitaci\u00f3n del Ingreso M\u00ednimo Vital\">[+] <\/a><\/div>\n","protected":false},"author":12,"featured_media":109283,"comment_status":"open","ping_status":"open","sticky":false,"template":"","format":"standard","meta":{"footnotes":""},"categories":[119,12201,128,8,142,27,3,116,29],"tags":[10574,11937,11938,12257,10387],"class_list":{"0":"post-109281","1":"post","2":"type-post","3":"status-publish","4":"format-standard","5":"has-post-thumbnail","7":"category-sanidad-la-comarca","8":"category-covid-19","9":"category-infraestructuras","10":"category-la-comarca","11":"category-politica-la-comarca","12":"category-requena-utiel","13":"category-seccion","14":"category-sucesos-la-comarca","15":"category-utiel","16":"tag-ayuntamiento-de-utiel","17":"tag-coronavirus","18":"tag-covid-19","19":"tag-ingreso-minimo-vital","20":"tag-requena-utiel"},"_links":{"self":[{"href":"https:\/\/www.tucomarca.com\/wordpress\/segunda\/wp-json\/wp\/v2\/posts\/109281","targetHints":{"allow":["GET"]}}],"collection":[{"href":"https:\/\/www.tucomarca.com\/wordpress\/segunda\/wp-json\/wp\/v2\/posts"}],"about":[{"href":"https:\/\/www.tucomarca.com\/wordpress\/segunda\/wp-json\/wp\/v2\/types\/post"}],"author":[{"embeddable":true,"href":"https:\/\/www.tucomarca.com\/wordpress\/segunda\/wp-json\/wp\/v2\/users\/12"}],"replies":[{"embeddable":true,"href":"https:\/\/www.tucomarca.com\/wordpress\/segunda\/wp-json\/wp\/v2\/comments?post=109281"}],"version-history":[{"count":0,"href":"https:\/\/www.tucomarca.com\/wordpress\/segunda\/wp-json\/wp\/v2\/posts\/109281\/revisions"}],"wp:featuredmedia":[{"embeddable":true,"href":"https:\/\/www.tucomarca.com\/wordpress\/segunda\/wp-json\/wp\/v2\/media\/109283"}],"wp:attachment":[{"href":"https:\/\/www.tucomarca.com\/wordpress\/segunda\/wp-json\/wp\/v2\/media?parent=109281"}],"wp:term":[{"taxonomy":"category","embeddable":true,"href":"https:\/\/www.tucomarca.com\/wordpress\/segunda\/wp-json\/wp\/v2\/categories?post=109281"},{"taxonomy":"post_tag","embeddable":true,"href":"https:\/\/www.tucomarca.com\/wordpress\/segunda\/wp-json\/wp\/v2\/tags?post=109281"}],"curies":[{"name":"wp","href":"https:\/\/api.w.org\/{rel}","templated":true}]}}