{"id":109310,"date":"2020-06-25T21:20:10","date_gmt":"2020-06-25T19:20:10","guid":{"rendered":"http:\/\/www.tucomarca.com\/wordpress\/segunda\/?p=109310"},"modified":"2020-06-25T21:20:12","modified_gmt":"2020-06-25T19:20:12","slug":"se-abre-el-plazo-de-solicitud-o-renovacion-del-bono-metro-anual-para-jubilados-y-pensionistas-de-leliana","status":"publish","type":"post","link":"https:\/\/www.tucomarca.com\/wordpress\/segunda\/se-abre-el-plazo-de-solicitud-o-renovacion-del-bono-metro-anual-para-jubilados-y-pensionistas-de-leliana\/","title":{"rendered":"Se abre el plazo de solicitud o renovaci\u00f3n del bono metro anual para jubilados y pensionistas de l\u2019Eliana"},"content":{"rendered":"\n<p><strong>Las personas beneficiarias disfrutar\u00e1n de ventajas econ\u00f3micas en su t\u00edtulo de transporte con una validez del 1 de julio de 2020 al 30 de junio de 2021<\/strong><\/p>\n\n\n\n<p>Las personas jubiladas, pensionistas o con una discapacidad igual o superior al 65 por ciento empadronadas en l\u2019Eliana podr\u00e1n solicitar o renovar su t\u00edtulo de transporte en virtud del convenio existente entre el Ayuntamiento y Ferrocarrils de la Generalitat Valenciana. La medida proporcionar\u00e1 a los beneficiarios un precio anual reducido lo que supone una importante ventaja econ\u00f3mica.<\/p>\n\n\n\n<p>Las solicitudes se podr\u00e1n hacer entre el 29 de junio y el 13 de julio ambos inclusive, en horario de 10:30 a 13:30, los d\u00edas 29 y 30 de junio y 1, 2, 3 y 13 de julio en las oficinas del Centro Sociocultural y los d\u00edas 6, 7, 8, 9 y 10 de julio en las dependencias de Bienestar Social.<\/p>\n\n\n\n<p>Las personas que deseen hacer su solicitud, deber\u00e1n completar el formulario y abonar la autoliquidaci\u00f3n que se pondr\u00e1 a disposici\u00f3n del interesado y aportar fotocopia del documento de n\u00famero de cuenta, para que en su caso se abone el reintegro, y una justificaci\u00f3n que acredite su condici\u00f3n de jubilado, pensionista o discapacitado igual o superior al 65 por ciento (s\u00f3lo en altas nuevas o renovaciones de personas cuya situaci\u00f3n haya cambiado), adem\u00e1s del DNI original en caso de nuevas altas. Tambi\u00e9n es preciso una fotograf\u00eda personal tama\u00f1o carn\u00e9, que realizar\u00e1 el personal del Ayuntamiento a cada vecino o vecina en el momento de entregar la documentaci\u00f3n<\/p>\n\n\n\n<p>Seg\u00fan la concejala de Bienestar Social, Mar\u00eda Jos\u00e9 Valenzuela, <em>\u201ccon esta medida se favorece un a\u00f1o m\u00e1s la movilidad de las personas mayores en cuanto al medio ferroviario se refiere, facilitando sus t\u00edtulos de transporte a unos precios muy ventajosos\u201d.<\/em><br><\/p>\n","protected":false},"excerpt":{"rendered":"<div class=\"mh-excerpt\">Las personas beneficiarias disfrutar\u00e1n de ventajas econ\u00f3micas en su t\u00edtulo de transporte con una validez del 1 de julio de 2020 al 30 de junio de 2021 Las personas jubiladas, pensionistas o con una discapacidad <a class=\"mh-excerpt-more\" href=\"https:\/\/www.tucomarca.com\/wordpress\/segunda\/se-abre-el-plazo-de-solicitud-o-renovacion-del-bono-metro-anual-para-jubilados-y-pensionistas-de-leliana\/\" title=\"Se abre el plazo de solicitud o renovaci\u00f3n del bono metro anual para jubilados y pensionistas de l\u2019Eliana\">[+] <\/a><\/div>\n","protected":false},"author":12,"featured_media":104978,"comment_status":"open","ping_status":"open","sticky":false,"template":"","format":"standard","meta":{"footnotes":""},"categories":[46,119,12201,128,177,8,142,3],"tags":[10535,12311,10395],"class_list":{"0":"post-109310","1":"post","2":"type-post","3":"status-publish","4":"format-standard","5":"has-post-thumbnail","7":"category-camp-de-turia","8":"category-sanidad-la-comarca","9":"category-covid-19","10":"category-infraestructuras","11":"category-leliana","12":"category-la-comarca","13":"category-politica-la-comarca","14":"category-seccion","15":"tag-ajuntament-de-leliana","16":"tag-bono-metro","17":"tag-camp-de-turia"},"_links":{"self":[{"href":"https:\/\/www.tucomarca.com\/wordpress\/segunda\/wp-json\/wp\/v2\/posts\/109310","targetHints":{"allow":["GET"]}}],"collection":[{"href":"https:\/\/www.tucomarca.com\/wordpress\/segunda\/wp-json\/wp\/v2\/posts"}],"about":[{"href":"https:\/\/www.tucomarca.com\/wordpress\/segunda\/wp-json\/wp\/v2\/types\/post"}],"author":[{"embeddable":true,"href":"https:\/\/www.tucomarca.com\/wordpress\/segunda\/wp-json\/wp\/v2\/users\/12"}],"replies":[{"embeddable":true,"href":"https:\/\/www.tucomarca.com\/wordpress\/segunda\/wp-json\/wp\/v2\/comments?post=109310"}],"version-history":[{"count":0,"href":"https:\/\/www.tucomarca.com\/wordpress\/segunda\/wp-json\/wp\/v2\/posts\/109310\/revisions"}],"wp:featuredmedia":[{"embeddable":true,"href":"https:\/\/www.tucomarca.com\/wordpress\/segunda\/wp-json\/wp\/v2\/media\/104978"}],"wp:attachment":[{"href":"https:\/\/www.tucomarca.com\/wordpress\/segunda\/wp-json\/wp\/v2\/media?parent=109310"}],"wp:term":[{"taxonomy":"category","embeddable":true,"href":"https:\/\/www.tucomarca.com\/wordpress\/segunda\/wp-json\/wp\/v2\/categories?post=109310"},{"taxonomy":"post_tag","embeddable":true,"href":"https:\/\/www.tucomarca.com\/wordpress\/segunda\/wp-json\/wp\/v2\/tags?post=109310"}],"curies":[{"name":"wp","href":"https:\/\/api.w.org\/{rel}","templated":true}]}}