{"id":109330,"date":"2020-06-25T22:23:17","date_gmt":"2020-06-25T20:23:17","guid":{"rendered":"http:\/\/www.tucomarca.com\/wordpress\/segunda\/?p=109330"},"modified":"2020-06-25T22:23:19","modified_gmt":"2020-06-25T20:23:19","slug":"el-ayuntamiento-de-requena-conmemora-el-dia-del-orgullo-lgtbi-2020","status":"publish","type":"post","link":"https:\/\/www.tucomarca.com\/wordpress\/segunda\/el-ayuntamiento-de-requena-conmemora-el-dia-del-orgullo-lgtbi-2020\/","title":{"rendered":"El Ayuntamiento de Requena conmemora el D\u00eda del Orgullo LGTBI 2020"},"content":{"rendered":"\n<p><strong>Lo har\u00e1 con la lectura de un manifiesto este viernes a las 11:30 en la Plaza del Ayuntamiento y la iluminaci\u00f3n del Monumento Universal a la Vendimia el d\u00eda 28 de junio<\/strong><\/p>\n\n\n\n<p>Con motivo del d\u00eda del Orgullo que se celebrar\u00e1 este domingo 28 de junio en todo el mundo, el consistorio requenense ha querido sumarse a esta fecha mediante la lectura de un manifiesto, que tendr\u00e1 lugar este viernes 26 a las 11:30 horas en la Plaza del Ayuntamiento, y a la que asistir\u00e1n la Concejala de Igualdad, Isabel Garc\u00eda, la Concejala de Servicios Sociales, Mar\u00eda Jos\u00e9 Arroyo y el Primer Mun\u00edcipe requenense, Mario S\u00e1nchez, entre otros miembros de la corporaci\u00f3n municipal.<\/p>\n\n\n\n<p>Asimismo, este domingo 28 de junio, D\u00eda del Orgullo LGTBI 2020, el Monumento Universal a la Vendimia se iluminar\u00e1 de multicolor, y permanecer\u00e1 as\u00ed durante toda una semana.<\/p>\n\n\n\n<p>Se han pintado adem\u00e1s dos bancos con los colores de la bandera arcoiris en el Centro Social y se ha instalado una pancarta espec\u00edfica en el Consistorio requenense para visibilizar esta efem\u00e9ride y dar apoyo al colectivo LGTBI en su d\u00eda mundial.<\/p>\n\n\n\n<p>Por \u00faltimo, desde la Biblioteca Municipal tambi\u00e9n se realizar\u00e1n diversas acciones conmemorativas.<\/p>\n\n\n\n<p>Este a\u00f1o 2020, por todo lo sufrido debido a la pandemia, cabe resaltar que ha afectado de forma especial a los colectivos m\u00e1s vulnerables, tambi\u00e9n al colectivo LGTBI:<\/p>\n\n\n\n<p>Se ha visto como el confinamiento ha agravado problem\u00e1ticas ya existentes del colectivo LGTBI: situaciones muy conflictivas, sobre todo entre los y las m\u00e1s j\u00f3venes, dentro de sus hogares, cuando no respetan su orientaci\u00f3n sexual.<\/p>\n\n\n\n<p>Aumento de la violencia intrag\u00e9nero, aumento del sentimiento de soledad no deseada en un colectivo que vive ya de por s\u00ed en soledad de forma considerable, etc.<\/p>\n\n\n\n<p>La responsabilidad ha hecho que las reivindicaciones del colectivo LGTBI no vayan a inundar las calles y plazas de toda Espa\u00f1a como en otros a\u00f1os.<\/p>\n\n\n\n<p>Y a pesar de que el inter\u00e9s com\u00fan por la salud p\u00fablica prevalece, esto no impide que se siga reivindicando y trabajando con la misma intensidad por este colectivo para poder as\u00ed conseguir de este modo una sociedad con igualdad de derechos reales, dignidad y respeto para todas las personas.<\/p>\n","protected":false},"excerpt":{"rendered":"<div class=\"mh-excerpt\">Lo har\u00e1 con la lectura de un manifiesto este viernes a las 11:30 en la Plaza del Ayuntamiento y la iluminaci\u00f3n del Monumento Universal a la Vendimia el d\u00eda 28 de junio Con motivo del <a class=\"mh-excerpt-more\" href=\"https:\/\/www.tucomarca.com\/wordpress\/segunda\/el-ayuntamiento-de-requena-conmemora-el-dia-del-orgullo-lgtbi-2020\/\" title=\"El Ayuntamiento de Requena conmemora el D\u00eda del Orgullo LGTBI 2020\">[+] <\/a><\/div>\n","protected":false},"author":12,"featured_media":109336,"comment_status":"open","ping_status":"open","sticky":false,"template":"","format":"standard","meta":{"footnotes":""},"categories":[4,119,12201,128,8,5,7,142,28,27,3,116],"tags":[2850,11718,10387],"class_list":{"0":"post-109330","1":"post","2":"type-post","3":"status-publish","4":"format-standard","5":"has-post-thumbnail","7":"category-agenda","8":"category-sanidad-la-comarca","9":"category-covid-19","10":"category-infraestructuras","11":"category-la-comarca","12":"category-la-semana-en-imagenes","13":"category-ocio-y-cultura","14":"category-politica-la-comarca","15":"category-requena","16":"category-requena-utiel","17":"category-seccion","18":"category-sucesos-la-comarca","19":"tag-ayuntamiento-de-requena","20":"tag-orgullo-lgtbi","21":"tag-requena-utiel"},"_links":{"self":[{"href":"https:\/\/www.tucomarca.com\/wordpress\/segunda\/wp-json\/wp\/v2\/posts\/109330","targetHints":{"allow":["GET"]}}],"collection":[{"href":"https:\/\/www.tucomarca.com\/wordpress\/segunda\/wp-json\/wp\/v2\/posts"}],"about":[{"href":"https:\/\/www.tucomarca.com\/wordpress\/segunda\/wp-json\/wp\/v2\/types\/post"}],"author":[{"embeddable":true,"href":"https:\/\/www.tucomarca.com\/wordpress\/segunda\/wp-json\/wp\/v2\/users\/12"}],"replies":[{"embeddable":true,"href":"https:\/\/www.tucomarca.com\/wordpress\/segunda\/wp-json\/wp\/v2\/comments?post=109330"}],"version-history":[{"count":0,"href":"https:\/\/www.tucomarca.com\/wordpress\/segunda\/wp-json\/wp\/v2\/posts\/109330\/revisions"}],"wp:featuredmedia":[{"embeddable":true,"href":"https:\/\/www.tucomarca.com\/wordpress\/segunda\/wp-json\/wp\/v2\/media\/109336"}],"wp:attachment":[{"href":"https:\/\/www.tucomarca.com\/wordpress\/segunda\/wp-json\/wp\/v2\/media?parent=109330"}],"wp:term":[{"taxonomy":"category","embeddable":true,"href":"https:\/\/www.tucomarca.com\/wordpress\/segunda\/wp-json\/wp\/v2\/categories?post=109330"},{"taxonomy":"post_tag","embeddable":true,"href":"https:\/\/www.tucomarca.com\/wordpress\/segunda\/wp-json\/wp\/v2\/tags?post=109330"}],"curies":[{"name":"wp","href":"https:\/\/api.w.org\/{rel}","templated":true}]}}