{"id":109351,"date":"2020-06-25T20:00:42","date_gmt":"2020-06-25T18:00:42","guid":{"rendered":"http:\/\/www.tucomarca.com\/wordpress\/segunda\/?p=109351"},"modified":"2020-06-25T22:20:11","modified_gmt":"2020-06-25T20:20:11","slug":"el-cd-bunol-se-medira-en-lalcudia-a-la-ud-rayo-ibense-en-la-primera-eliminatoria-de-ascenso-a-tercera","status":"publish","type":"post","link":"https:\/\/www.tucomarca.com\/wordpress\/segunda\/el-cd-bunol-se-medira-en-lalcudia-a-la-ud-rayo-ibense-en-la-primera-eliminatoria-de-ascenso-a-tercera\/","title":{"rendered":"El CD Bu\u00f1ol se medir\u00e1 en l&#8217;Alc\u00fadia a la UD Rayo Ibense en la primera eliminatoria de ascenso a Tercera"},"content":{"rendered":"\n<p><strong>El rival en la primera eliminatoria del Club Deportivo Bu\u00f1ol ser\u00e1 la UD Rayo Ibense y, en caso de victoria, los blancos se enfrentar\u00edan al vencedor de la eliminatoria entre el CFI Alicante y el Torrent CF.<\/strong><\/p>\n\n\n\n<p>Este jueves ha tenido lugar en la sede de la Federaci\u00f3n de F\u00fatbol de la Comunidad Valenciana el sorteo de las eliminatorias de la promoci\u00f3n de ascenso a Tercera Divisi\u00f3n.<\/p>\n\n\n\n<p>La sede \u00fanica en la que se disputar\u00e1n todos los partidos de dicha promoci\u00f3n ser\u00e1n las instalaciones deportivas del campo municipal Els Arcs de l&#8217;Alc\u00fadia. &nbsp;<\/p>\n\n\n\n<p>La primera eliminatoria se disputar\u00e1 entre los d\u00edas 15,16 y 17 de julio. La segunda eliminatoria se disputar\u00e1 una semana despu\u00e9s, es decir, los d\u00edas 22, 23 y 24 de julio.<\/p>\n\n\n\n<p>En la primera ronda, el club deportivo Bu\u00f1ol se enfrentar\u00e1 a la UD Rayo Ibense, tercer clasificado del Grupo IV.<\/p>\n\n\n\n<p>\u00abEn caso de pasar la primera eliminatoria, nos enfrentar\u00edamos en el partido decisivo por el ascenso al vencedor de la eliminatoria entre el CFI Alicante (2\u00ba Grupo IV) y el Torrent CF (2\u00ba Grupo II)\u00bb, han destacado desde el CD Bu\u00f1ol.<\/p>\n\n\n\n<p>Salvo sorpresa de \u00faltima hora, todos los partidos se disputar\u00e1n a puerta cerrada.<\/p>\n","protected":false},"excerpt":{"rendered":"<div class=\"mh-excerpt\">El rival en la primera eliminatoria del Club Deportivo Bu\u00f1ol ser\u00e1 la UD Rayo Ibense y, en caso de victoria, los blancos se enfrentar\u00edan al vencedor de la eliminatoria entre el CFI Alicante y el <a class=\"mh-excerpt-more\" href=\"https:\/\/www.tucomarca.com\/wordpress\/segunda\/el-cd-bunol-se-medira-en-lalcudia-a-la-ud-rayo-ibense-en-la-primera-eliminatoria-de-ascenso-a-tercera\/\" title=\"El CD Bu\u00f1ol se medir\u00e1 en l&#8217;Alc\u00fadia a la UD Rayo Ibense en la primera eliminatoria de ascenso a Tercera\">[+] <\/a><\/div>\n","protected":false},"author":1,"featured_media":61133,"comment_status":"open","ping_status":"open","sticky":false,"template":"","format":"standard","meta":{"footnotes":""},"categories":[18,50,119,6,292,8,10,42,3,116],"tags":[537,11937,11938,11951,10379,10661],"class_list":{"0":"post-109351","1":"post","2":"type-post","3":"status-publish","4":"format-standard","5":"has-post-thumbnail","7":"category-bunol","8":"category-futbol-deportes","9":"category-sanidad-la-comarca","10":"category-deportes","11":"category-lalcudia","12":"category-la-comarca","13":"category-la-hoya","14":"category-la-ribera","15":"category-seccion","16":"category-sucesos-la-comarca","17":"tag-cd-bunol","18":"tag-coronavirus","19":"tag-covid-19","20":"tag-covid2019","21":"tag-deportes","22":"tag-esports"},"_links":{"self":[{"href":"https:\/\/www.tucomarca.com\/wordpress\/segunda\/wp-json\/wp\/v2\/posts\/109351","targetHints":{"allow":["GET"]}}],"collection":[{"href":"https:\/\/www.tucomarca.com\/wordpress\/segunda\/wp-json\/wp\/v2\/posts"}],"about":[{"href":"https:\/\/www.tucomarca.com\/wordpress\/segunda\/wp-json\/wp\/v2\/types\/post"}],"author":[{"embeddable":true,"href":"https:\/\/www.tucomarca.com\/wordpress\/segunda\/wp-json\/wp\/v2\/users\/1"}],"replies":[{"embeddable":true,"href":"https:\/\/www.tucomarca.com\/wordpress\/segunda\/wp-json\/wp\/v2\/comments?post=109351"}],"version-history":[{"count":0,"href":"https:\/\/www.tucomarca.com\/wordpress\/segunda\/wp-json\/wp\/v2\/posts\/109351\/revisions"}],"wp:featuredmedia":[{"embeddable":true,"href":"https:\/\/www.tucomarca.com\/wordpress\/segunda\/wp-json\/wp\/v2\/media\/61133"}],"wp:attachment":[{"href":"https:\/\/www.tucomarca.com\/wordpress\/segunda\/wp-json\/wp\/v2\/media?parent=109351"}],"wp:term":[{"taxonomy":"category","embeddable":true,"href":"https:\/\/www.tucomarca.com\/wordpress\/segunda\/wp-json\/wp\/v2\/categories?post=109351"},{"taxonomy":"post_tag","embeddable":true,"href":"https:\/\/www.tucomarca.com\/wordpress\/segunda\/wp-json\/wp\/v2\/tags?post=109351"}],"curies":[{"name":"wp","href":"https:\/\/api.w.org\/{rel}","templated":true}]}}