{"id":109360,"date":"2020-06-26T20:42:07","date_gmt":"2020-06-26T18:42:07","guid":{"rendered":"http:\/\/www.tucomarca.com\/wordpress\/segunda\/?p=109360"},"modified":"2020-06-26T20:42:10","modified_gmt":"2020-06-26T18:42:10","slug":"la-piscina-municipal-de-requena-abre-este-sabado-con-medidas-especiales-para-la-temporada-de-bano","status":"publish","type":"post","link":"https:\/\/www.tucomarca.com\/wordpress\/segunda\/la-piscina-municipal-de-requena-abre-este-sabado-con-medidas-especiales-para-la-temporada-de-bano\/","title":{"rendered":"La piscina municipal de Requena abre este s\u00e1bado con medidas especiales para la temporada de ba\u00f1o"},"content":{"rendered":"\n<p><strong>Con el fin de garantizar la seguridad, ser\u00e1 con dos franjas horarias distintas y con un m\u00e1ximo de 200 personas en cada franja<\/strong><\/p>\n\n\n\n<p>Desde el Ayuntamiento de Requena se informa de que la apertura de la piscina de Requena est\u00e1 prevista para este s\u00e1bado 27 de junio.<\/p>\n\n\n\n<p>Con el fin de garantizar la seguridad del servicio, existir\u00e1n dos turnos de ba\u00f1o (ma\u00f1ana y tarde).<\/p>\n\n\n\n<p>As\u00ed pues, la entrada solo dar\u00e1 acceso a un turno (ma\u00f1ana o tarde).<\/p>\n\n\n\n<p>Adem\u00e1s el aforo de la instalaci\u00f3n se ver\u00e1 reducido a un m\u00e1ximo de 200 entradas en cada franja.<\/p>\n\n\n\n<p>Por todo ello, este a\u00f1o no habr\u00e1 ning\u00fan tipo de abono, puesto que imposibilitar\u00eda poder garantizar el control del aforo.<\/p>\n\n\n\n<p>Asimismo, no se podr\u00e1n utilizar los toboganes ni los juegos de la piscina de chapoteo.<\/p>\n\n\n\n<p>De este modo, el horario del turno de ma\u00f1ana ser\u00e1 de 11:00 a 14:30 horas y el de tarde de 15:30 a 19:00 horas.<\/p>\n\n\n\n<p>La piscina permanecer\u00e1 cerrada desde las 14:30 hasta las 15:30 para su limpieza y desinfecci\u00f3n, por lo que este proceso se llevar\u00e1 a cabo as\u00ed un total de 3 veces al d\u00eda.<\/p>\n\n\n\n<p>Los precios de las entradas ser\u00e1n los siguientes:<\/p>\n\n\n\n<ul class=\"wp-block-list\"><li>De 6 a 14 a\u00f1os: 1,65\u20ac, y 1,30\u20ac la entrada reducida para familia numerosa, carnet joven y pensionistas.<\/li><li>M\u00e1s de 14 a\u00f1os: 2,50\u20ac, y 2\u20ac la entrada reducida para familia numerosa, carnet joven, mayores de 60 a\u00f1os, jubilados y pensionistas.<\/li><li>Una persona podr\u00e1 reservar como m\u00e1ximo 5 entradas. Si el precio de las mismas es reducido, deber\u00e1 presentar documentaci\u00f3n justificativa al entrar a la instalaci\u00f3n.<\/li><\/ul>\n\n\n\n<p>La reserva se podr\u00e1 efectuar a trav\u00e9s del siguiente n\u00famero de tel\u00e9fono: 96 230 05 13.<\/p>\n\n\n\n<p>Los horarios para reservar entradas coinciden con los turnos de apertura de la piscina.<\/p>\n\n\n\n<p>La entrada se pagar\u00e1 con tarjeta al acceder a la instalaci\u00f3n.<\/p>\n\n\n\n<p>Por otro lado, las personas interesadas en los cursos de nataci\u00f3n y aquagym pueden encontrar m\u00e1s informaci\u00f3n en los documentos PDF adjuntos.<\/p>\n\n\n\n<p>Respecto a las piscinas de las aldeas, el pr\u00f3ximo 27 de junio abrir\u00e1n las piscinas de Los Isidros y El Rebollar, y la piscina de Los Duques abrir\u00e1 el 1 de Julio.<\/p>\n\n\n\n<p>Para m\u00e1s informaci\u00f3n sobre estas piscinas se puede contactar con las mismas a trav\u00e9s de los siguientes correos electr\u00f3nicos:<\/p>\n\n\n\n<ul class=\"wp-block-list\"><li>Los Duques: asociacionlosduques2016@gmail.com<\/li><li>Los Isidros: ardoisidro@gmail.com<\/li><li>El Rebollar: asociacionispar@gmail.com<\/li><\/ul>\n\n\n\n<p>Por \u00faltimo, es importante recalcar que los usuarios de las piscinas deber\u00e1n respetar todas las medidas higi\u00e9nico sanitarias indicadas.<\/p>\n\n\n\n<ul class=\"wp-block-gallery columns-2 is-cropped wp-block-gallery-1 is-layout-flex wp-block-gallery-is-layout-flex\"><li class=\"blocks-gallery-item\"><figure><img loading=\"lazy\" decoding=\"async\" width=\"723\" height=\"1024\" src=\"https:\/\/www.tucomarca.com\/wordpress\/segunda\/wp-content\/uploads\/2020\/06\/Natacion2020Requena2-723x1024.jpg\" alt=\"\" data-id=\"109365\" data-link=\"https:\/\/www.tucomarca.com\/wordpress\/segunda\/?attachment_id=109365\" class=\"wp-image-109365\" srcset=\"https:\/\/www.tucomarca.com\/wordpress\/segunda\/wp-content\/uploads\/2020\/06\/Natacion2020Requena2.jpg 723w, https:\/\/www.tucomarca.com\/wordpress\/segunda\/wp-content\/uploads\/2020\/06\/Natacion2020Requena2-212x300.jpg 212w\" sizes=\"auto, (max-width: 723px) 100vw, 723px\" \/><\/figure><\/li><li class=\"blocks-gallery-item\"><figure><img loading=\"lazy\" decoding=\"async\" width=\"695\" height=\"984\" src=\"https:\/\/www.tucomarca.com\/wordpress\/segunda\/wp-content\/uploads\/2020\/06\/Natacion2020Requena1.jpg\" alt=\"\" data-id=\"109367\" data-link=\"https:\/\/www.tucomarca.com\/wordpress\/segunda\/?attachment_id=109367\" class=\"wp-image-109367\" srcset=\"https:\/\/www.tucomarca.com\/wordpress\/segunda\/wp-content\/uploads\/2020\/06\/Natacion2020Requena1.jpg 695w, https:\/\/www.tucomarca.com\/wordpress\/segunda\/wp-content\/uploads\/2020\/06\/Natacion2020Requena1-212x300.jpg 212w\" sizes=\"auto, (max-width: 695px) 100vw, 695px\" \/><\/figure><\/li><\/ul>\n","protected":false},"excerpt":{"rendered":"<div class=\"mh-excerpt\">Con el fin de garantizar la seguridad, ser\u00e1 con dos franjas horarias distintas y con un m\u00e1ximo de 200 personas en cada franja Desde el Ayuntamiento de Requena se informa de que la apertura de <a class=\"mh-excerpt-more\" href=\"https:\/\/www.tucomarca.com\/wordpress\/segunda\/la-piscina-municipal-de-requena-abre-este-sabado-con-medidas-especiales-para-la-temporada-de-bano\/\" title=\"La piscina municipal de Requena abre este s\u00e1bado con medidas especiales para la temporada de ba\u00f1o\">[+] <\/a><\/div>\n","protected":false},"author":12,"featured_media":109362,"comment_status":"open","ping_status":"open","sticky":false,"template":"","format":"standard","meta":{"footnotes":""},"categories":[119,12201,128,8,117,142,28,27,3,116],"tags":[2850,11937,11938,10878,10387],"class_list":{"0":"post-109360","1":"post","2":"type-post","3":"status-publish","4":"format-standard","5":"has-post-thumbnail","7":"category-sanidad-la-comarca","8":"category-covid-19","9":"category-infraestructuras","10":"category-la-comarca","11":"category-medio-ambiente-la-comarca","12":"category-politica-la-comarca","13":"category-requena","14":"category-requena-utiel","15":"category-seccion","16":"category-sucesos-la-comarca","17":"tag-ayuntamiento-de-requena","18":"tag-coronavirus","19":"tag-covid-19","20":"tag-piscina-municipal-requena","21":"tag-requena-utiel"},"_links":{"self":[{"href":"https:\/\/www.tucomarca.com\/wordpress\/segunda\/wp-json\/wp\/v2\/posts\/109360","targetHints":{"allow":["GET"]}}],"collection":[{"href":"https:\/\/www.tucomarca.com\/wordpress\/segunda\/wp-json\/wp\/v2\/posts"}],"about":[{"href":"https:\/\/www.tucomarca.com\/wordpress\/segunda\/wp-json\/wp\/v2\/types\/post"}],"author":[{"embeddable":true,"href":"https:\/\/www.tucomarca.com\/wordpress\/segunda\/wp-json\/wp\/v2\/users\/12"}],"replies":[{"embeddable":true,"href":"https:\/\/www.tucomarca.com\/wordpress\/segunda\/wp-json\/wp\/v2\/comments?post=109360"}],"version-history":[{"count":0,"href":"https:\/\/www.tucomarca.com\/wordpress\/segunda\/wp-json\/wp\/v2\/posts\/109360\/revisions"}],"wp:featuredmedia":[{"embeddable":true,"href":"https:\/\/www.tucomarca.com\/wordpress\/segunda\/wp-json\/wp\/v2\/media\/109362"}],"wp:attachment":[{"href":"https:\/\/www.tucomarca.com\/wordpress\/segunda\/wp-json\/wp\/v2\/media?parent=109360"}],"wp:term":[{"taxonomy":"category","embeddable":true,"href":"https:\/\/www.tucomarca.com\/wordpress\/segunda\/wp-json\/wp\/v2\/categories?post=109360"},{"taxonomy":"post_tag","embeddable":true,"href":"https:\/\/www.tucomarca.com\/wordpress\/segunda\/wp-json\/wp\/v2\/tags?post=109360"}],"curies":[{"name":"wp","href":"https:\/\/api.w.org\/{rel}","templated":true}]}}