{"id":109373,"date":"2020-06-26T21:35:10","date_gmt":"2020-06-26T19:35:10","guid":{"rendered":"http:\/\/www.tucomarca.com\/wordpress\/segunda\/?p=109373"},"modified":"2020-06-27T01:45:00","modified_gmt":"2020-06-26T23:45:00","slug":"el-ayuntamiento-de-turis-destina-hasta-25-000-euros-en-ayudas-para-los-comercios-y-empresas-de-la-localidad","status":"publish","type":"post","link":"https:\/\/www.tucomarca.com\/wordpress\/segunda\/el-ayuntamiento-de-turis-destina-hasta-25-000-euros-en-ayudas-para-los-comercios-y-empresas-de-la-localidad\/","title":{"rendered":"El Ayuntamiento de Tur\u00eds destina hasta 25.000 euros en ayudas para los comercios y empresas de la localidad"},"content":{"rendered":"\n<p>El ayuntamiento de Tur\u00eds ha publicado las bases reguladoras para la concesi\u00f3n de ayudas al comercio local incluidas en el Plan de contingencia y desarrollo local y destinadas \u201ca paliar los efectos adversos originados por las medidas decretadas a ra\u00edz de la Covid-19\u201d.<\/p>\n\n\n\n<p>Estas ayudas consisten en otorgar una subvenci\u00f3n equivalente al importe de la tasa de recogida y transporte de Residuos S\u00f3lidos Urbanos del ejercicio 2020 m\u00e1s la parte fija del recibo del suministro de agua potable de dos trimestres del ejercicio. El importe global al cual ascienden estas ayudas es de 25.000 euros financiados a cargo de la aplicaci\u00f3n presupuestaria creada por generaci\u00f3n de cr\u00e9dito con el incremento del Fondo de Cooperaci\u00f3n Municipal.<\/p>\n\n\n\n<p>\u201cEs evidente que el municipio como entidad local tiene un \u00e1mbito competencial territorial y funcional perfectamente definido que lo limita en las posibilidades de actuaci\u00f3n, pero dentro de esas posibilidades pretendemos reducir la carga impositiva de negocios o actividades locales que han visto afectada su actividad normal a consecuencia de esta situaci\u00f3n\u201d, explica el alcalde de Tur\u00eds, Eugenio Forta\u00f1a.<\/p>\n\n\n\n<p>Tanto las bases de la convocatoria como el impreso de solicitud ya est\u00e1n disponibles para su consulta en las oficinas del ayuntamiento, en la sede electr\u00f3nica y en la web municipal. Podr\u00e1n presentarse con la documentaci\u00f3n requerida tanto por registro electr\u00f3nico como presencialmente en las oficinas municipales.<br> Estas subvenciones son compatibles con otras destinadas para la misma finalidad procedentes de las diferentes administraciones o estamentos p\u00fablicos o privados.<\/p>\n","protected":false},"excerpt":{"rendered":"<div class=\"mh-excerpt\">El ayuntamiento de Tur\u00eds ha publicado las bases reguladoras para la concesi\u00f3n de ayudas al comercio local incluidas en el Plan de contingencia y desarrollo local y destinadas \u201ca paliar los efectos adversos originados por <a class=\"mh-excerpt-more\" href=\"https:\/\/www.tucomarca.com\/wordpress\/segunda\/el-ayuntamiento-de-turis-destina-hasta-25-000-euros-en-ayudas-para-los-comercios-y-empresas-de-la-localidad\/\" title=\"El Ayuntamiento de Tur\u00eds destina hasta 25.000 euros en ayudas para los comercios y empresas de la localidad\">[+] <\/a><\/div>\n","protected":false},"author":12,"featured_media":109375,"comment_status":"open","ping_status":"open","sticky":false,"template":"","format":"standard","meta":{"footnotes":""},"categories":[119,12201,128,8,42,142,3,116,43],"tags":[10602,2483,11937,11938,3640],"class_list":{"0":"post-109373","1":"post","2":"type-post","3":"status-publish","4":"format-standard","5":"has-post-thumbnail","7":"category-sanidad-la-comarca","8":"category-covid-19","9":"category-infraestructuras","10":"category-la-comarca","11":"category-la-ribera","12":"category-politica-la-comarca","13":"category-seccion","14":"category-sucesos-la-comarca","15":"category-turis","16":"tag-ajuntament-de-turis","17":"tag-comercio-local","18":"tag-coronavirus","19":"tag-covid-19","20":"tag-la-ribera-alta"},"_links":{"self":[{"href":"https:\/\/www.tucomarca.com\/wordpress\/segunda\/wp-json\/wp\/v2\/posts\/109373","targetHints":{"allow":["GET"]}}],"collection":[{"href":"https:\/\/www.tucomarca.com\/wordpress\/segunda\/wp-json\/wp\/v2\/posts"}],"about":[{"href":"https:\/\/www.tucomarca.com\/wordpress\/segunda\/wp-json\/wp\/v2\/types\/post"}],"author":[{"embeddable":true,"href":"https:\/\/www.tucomarca.com\/wordpress\/segunda\/wp-json\/wp\/v2\/users\/12"}],"replies":[{"embeddable":true,"href":"https:\/\/www.tucomarca.com\/wordpress\/segunda\/wp-json\/wp\/v2\/comments?post=109373"}],"version-history":[{"count":0,"href":"https:\/\/www.tucomarca.com\/wordpress\/segunda\/wp-json\/wp\/v2\/posts\/109373\/revisions"}],"wp:featuredmedia":[{"embeddable":true,"href":"https:\/\/www.tucomarca.com\/wordpress\/segunda\/wp-json\/wp\/v2\/media\/109375"}],"wp:attachment":[{"href":"https:\/\/www.tucomarca.com\/wordpress\/segunda\/wp-json\/wp\/v2\/media?parent=109373"}],"wp:term":[{"taxonomy":"category","embeddable":true,"href":"https:\/\/www.tucomarca.com\/wordpress\/segunda\/wp-json\/wp\/v2\/categories?post=109373"},{"taxonomy":"post_tag","embeddable":true,"href":"https:\/\/www.tucomarca.com\/wordpress\/segunda\/wp-json\/wp\/v2\/tags?post=109373"}],"curies":[{"name":"wp","href":"https:\/\/api.w.org\/{rel}","templated":true}]}}