{"id":109380,"date":"2020-06-27T02:07:44","date_gmt":"2020-06-27T00:07:44","guid":{"rendered":"http:\/\/www.tucomarca.com\/wordpress\/segunda\/?p=109380"},"modified":"2020-06-27T02:07:46","modified_gmt":"2020-06-27T00:07:46","slug":"el-ayuntamiento-de-turis-conmemora-el-dia-internacional-de-orgullo-lgtbi","status":"publish","type":"post","link":"https:\/\/www.tucomarca.com\/wordpress\/segunda\/el-ayuntamiento-de-turis-conmemora-el-dia-internacional-de-orgullo-lgtbi\/","title":{"rendered":"El Ayuntamiento de Tur\u00eds conmemora el D\u00eda Internacional de Orgullo LGTBI"},"content":{"rendered":"\n<p>El Ayuntamiento de Tur\u00eds conmemora el D\u00eda Internacional de Orgullo LGTBI con la decoraci\u00f3n del balc\u00f3n del ayuntamiento del municipio con los colores que representan a este colectivo.<\/p>\n\n\n\n<p>El alcalde de Tur\u00eds, Eugenio Forta\u00f1a, ha sido acompa\u00f1ado por concejales del equipo de gobierno tras decorar el balc\u00f3n consistorial en el marco de la conmemoraci\u00f3n del D\u00eda Internacional del Orgullo LGTBI para dar visibilidad a este colectivo y manifestar que&nbsp;el ayuntamiento apuesta por el respeto y la integraci\u00f3n de todas las personas sea cual sea su orientaci\u00f3n sexual o identidad de g\u00e9nero.<\/p>\n","protected":false},"excerpt":{"rendered":"<div class=\"mh-excerpt\">El Ayuntamiento de Tur\u00eds conmemora el D\u00eda Internacional de Orgullo LGTBI con la decoraci\u00f3n del balc\u00f3n del ayuntamiento del municipio con los colores que representan a este colectivo. El alcalde de Tur\u00eds, Eugenio Forta\u00f1a, ha <a class=\"mh-excerpt-more\" href=\"https:\/\/www.tucomarca.com\/wordpress\/segunda\/el-ayuntamiento-de-turis-conmemora-el-dia-internacional-de-orgullo-lgtbi\/\" title=\"El Ayuntamiento de Tur\u00eds conmemora el D\u00eda Internacional de Orgullo LGTBI\">[+] <\/a><\/div>\n","protected":false},"author":12,"featured_media":109382,"comment_status":"open","ping_status":"open","sticky":false,"template":"","format":"standard","meta":{"footnotes":""},"categories":[4,128,8,42,5,7,142,3,43],"tags":[10602,3640,11718],"class_list":{"0":"post-109380","1":"post","2":"type-post","3":"status-publish","4":"format-standard","5":"has-post-thumbnail","7":"category-agenda","8":"category-infraestructuras","9":"category-la-comarca","10":"category-la-ribera","11":"category-la-semana-en-imagenes","12":"category-ocio-y-cultura","13":"category-politica-la-comarca","14":"category-seccion","15":"category-turis","16":"tag-ajuntament-de-turis","17":"tag-la-ribera-alta","18":"tag-orgullo-lgtbi"},"_links":{"self":[{"href":"https:\/\/www.tucomarca.com\/wordpress\/segunda\/wp-json\/wp\/v2\/posts\/109380","targetHints":{"allow":["GET"]}}],"collection":[{"href":"https:\/\/www.tucomarca.com\/wordpress\/segunda\/wp-json\/wp\/v2\/posts"}],"about":[{"href":"https:\/\/www.tucomarca.com\/wordpress\/segunda\/wp-json\/wp\/v2\/types\/post"}],"author":[{"embeddable":true,"href":"https:\/\/www.tucomarca.com\/wordpress\/segunda\/wp-json\/wp\/v2\/users\/12"}],"replies":[{"embeddable":true,"href":"https:\/\/www.tucomarca.com\/wordpress\/segunda\/wp-json\/wp\/v2\/comments?post=109380"}],"version-history":[{"count":0,"href":"https:\/\/www.tucomarca.com\/wordpress\/segunda\/wp-json\/wp\/v2\/posts\/109380\/revisions"}],"wp:featuredmedia":[{"embeddable":true,"href":"https:\/\/www.tucomarca.com\/wordpress\/segunda\/wp-json\/wp\/v2\/media\/109382"}],"wp:attachment":[{"href":"https:\/\/www.tucomarca.com\/wordpress\/segunda\/wp-json\/wp\/v2\/media?parent=109380"}],"wp:term":[{"taxonomy":"category","embeddable":true,"href":"https:\/\/www.tucomarca.com\/wordpress\/segunda\/wp-json\/wp\/v2\/categories?post=109380"},{"taxonomy":"post_tag","embeddable":true,"href":"https:\/\/www.tucomarca.com\/wordpress\/segunda\/wp-json\/wp\/v2\/tags?post=109380"}],"curies":[{"name":"wp","href":"https:\/\/api.w.org\/{rel}","templated":true}]}}