{"id":109388,"date":"2020-06-26T20:47:58","date_gmt":"2020-06-26T18:47:58","guid":{"rendered":"http:\/\/www.tucomarca.com\/wordpress\/segunda\/?p=109388"},"modified":"2020-06-26T20:50:37","modified_gmt":"2020-06-26T18:50:37","slug":"las-upcca-de-cheste-y-requena-se-unen-al-resto-unidades-de-la-comunitat-en-la-campana-contagiate-de-prevencion","status":"publish","type":"post","link":"https:\/\/www.tucomarca.com\/wordpress\/segunda\/las-upcca-de-cheste-y-requena-se-unen-al-resto-unidades-de-la-comunitat-en-la-campana-contagiate-de-prevencion\/","title":{"rendered":"Las UPCCA de Cheste y Requena se unen al resto unidades de la Comunitat en la campa\u00f1a \u201cCont\u00e1giate de Prevenci\u00f3n\u201d"},"content":{"rendered":"\n<p><strong>Con motivo del \u201cD\u00eda internacional de lucha contra el uso indebido y el tr\u00e1fico il\u00edcito de drogas\u00bb que se celebra este viernes 26 de junio<\/strong><\/p>\n\n\n\n<p>Con motivo del D\u00eda Internacional de Lucha Contra el Uso Indebido y el Tr\u00e1fico Il\u00edcito de Drogas, que se celebra hoy, 26 de junio, la Unidad de Prevenci\u00f3n Comunitaria de Conductas Adictivas (UPCCA) de Cheste se ha unido a la campa\u00f1a \u201cCont\u00e1giate de Prevenci\u00f3n\u201d, junto a diferentes UPCCA de la Comunidad Valenciana.&nbsp;<\/p>\n\n\n\n<p>La finalidad de esta acci\u00f3n es informar a la ciudadan\u00eda de las implicaciones y la importancia de la prevenci\u00f3n local. La campa\u00f1a incluye un v\u00eddeo realizado de forma conjunta por las Unidades de Prevenci\u00f3n Comunitaria de Conductas Adictivas en el que se presentan como un servicio profesional y acreditado por la Conselleria de Sanidad y Salud P\u00fablica para informar, orientar y trabajar con las familias, las escuelas y las comunidades, apoyando especialmente a la juventud para prevenir el consumo de drogas y llevar una vida saludable.<br>La celebraci\u00f3n del D\u00eda Internacional de Lucha Contra el Uso Indebido y el Tr\u00e1fico Il\u00edcito de Drogas&nbsp;surge a propuesta de la ONU con el objetivo de reforzar la acci\u00f3n y la cooperaci\u00f3n para alcanzar una sociedad libre del consumo de drogas, y es una oportunidad para concienciar sobre la importancia de la prevenci\u00f3n local en conductas adictivas y visibilizar la labor que realizan las 86 UPCCA de la Comunidad Valenciana, con sus&nbsp;m\u00e1s de 100 profesionales.<\/p>\n\n\n\n<p>La campa\u00f1a de la ONU de este a\u00f1o 2020 se desarrolla bajo el lema \u201cMejor conocimiento para un mejor cuidado\u201d,<strong>&nbsp;<\/strong>haciendo referencia al hecho de que el consumo de drogas siempre ha estado mediado por informaci\u00f3n err\u00f3nea, un inconveniente para poder atajar el problema. Las UPCCA de la Comunidad Valenciana<strong>,&nbsp;<\/strong>como servicios locales competentes para el desarrollo de actuaciones encaminadas a eliminar o modificar los factores de riesgo asociados al consumo de drogas o a otras conductas adictivas, trabajan activamente para dotar de informaci\u00f3n efectiva a la poblaci\u00f3n sobre los riesgos del consumo de drogas y el desarrollo de conductas adictivas. As\u00ed como para generar capacidades y destrezas que permita a las personas ser reflexivas y actuar en beneficio de su propia salud.&nbsp;<\/p>\n\n\n\n<p>En este sentido, todas las UPCCA han manifestado que respaldan plenamente la conmemoraci\u00f3n de este d\u00eda y aplican de forma real y efectiva el lema de la ONU&nbsp;seleccionado para este a\u00f1o.&nbsp;Estas unidades realizan una intensa y variada labor en los \u00e1mbitos educativo, sanitario, social y comunitario. Desde diferentes perfiles profesionales y a distintos niveles de prevenci\u00f3n. Desarrollando y coordinando planes municipales de drogas y otras actuaciones de forma transversal y con el objetivo com\u00fan de reducir o evitar el uso y\/o abuso de drogas y otras conductas adictivas, as\u00ed como promover h\u00e1bitos de vida saludables. Tal y como han expresado las UPCCA en un comunicado, la diversidad, transversalidad y amplitud de sus funciones y actuaciones \u201cson una fortaleza indiscutible\u201d del servicio que prestan. Tambi\u00e9n han expresado su deseo de \u201cseguir siendo el instrumento para promover que la poblaci\u00f3n se&nbsp;<em>contagie de prevenci\u00f3n<\/em>&nbsp;y conjuntamente se eviten problemas de salud relacionados con las adicciones\u201d.<\/p>\n\n\n\n<p><strong>Requena<\/strong><\/p>\n\n\n\n<p>Este d\u00eda celebrado a propuesta de la ONU con el objetivo de reforzar la acci\u00f3n y la cooperaci\u00f3n para alcanzar una sociedad libre del consumo de drogas, este d\u00eda es una oportunidad para concienciar sobre la importancia de la prevenci\u00f3n local en conductas adictivas visibilizando la labor que realizan las Unidades de Prevenci\u00f3n Comunitaria en Conductas Adictivas (UPCCA) de la Comunidad Valenciana como activos clave de la salud local, junto a las familias, las escuelas y las comunidades en la lucha contra las adicciones.<\/p>\n\n\n\n<p>La Comunidad Valenciana cuenta con 86 UPCCA, que suman m\u00e1s de 100 profesionales expertos en prevenci\u00f3n de conductas adictivas.<\/p>\n\n\n\n<p>La campa\u00f1a de la ONU de este a\u00f1o 2020, se desarrolla bajo el lema \u201cMEJOR CONOCIMIENTO PARA UN MEJOR CUIDADO\u201d haciendo referencia al hecho de que el consumo de drogas siempre ha estado mediado por informaci\u00f3n err\u00f3nea, un inconveniente para poder atajar el problema.<\/p>\n\n\n\n<p>Las UPCCAS de la Comunidad Valenciana, como servicios locales competentes para el desarrollo de actuaciones encaminadas a eliminar o modificar los factores de riesgo asociados al consumo de drogas o a otras conductas adictivas, trabajan activamente para dotar de informaci\u00f3n efectiva a la poblaci\u00f3n sobre los riesgos del consumo de drogas y el desarrollo de conductas adictivas, y para generar capacidades y destrezas que permitan a las personas ser reflexivas y actuar en beneficio de su propia salud.<\/p>\n\n\n\n<p>En este sentido todas las UPCCAS respaldan plenamente la conmemoraci\u00f3n de este d\u00eda y aplican de forma real y efectiva el lema de la ONU seleccionado para este a\u00f1o; realizando el esfuerzo cotidiano desde las diferentes instituciones, en sus competencias, para conseguir los objetivos que representan.<\/p>\n\n\n\n<p>Para conmemorar este 26 de Junio de 2020, la UPCCA del Ayuntamiento de Requena, participa junto a las diferentes UPCCAS de la Comunidad Valenciana, en la campa\u00f1a \u201cCont\u00e1giate de prevenci\u00f3n\u201d para informar a la ciudadan\u00eda de forma clara y cercana de las implicaciones e importancia de la prevenci\u00f3n local.<\/p>\n\n\n\n<p>La campa\u00f1a Cont\u00e1giate de Prevenci\u00f3n, incluye un v\u00eddeo realizado de forma conjunta y con un mensaje un\u00edvoco: Las Unidades de Prevenci\u00f3n Comunitaria en Conductas Adictivas son los servicios profesionales y acreditados por la Conselleria de Sanidad y Salud P\u00fablica para informar, orientar y trabajar con las familias,&nbsp; las escuelas y las comunidades, apoyando especialmente a la juventud, a fin de, en palabras&nbsp; del secretario general de la ONU, Antonio Guterres: \u00abprevenir el consumo de drogas y ayudar a las nuevas generaciones a llevar una vida m\u00e1s sana y a elegir su camino con fuerza y resiliencia.\u00bb<\/p>\n\n\n\n<p>Las UPCCAS realizan una intensa y variada labor en los \u00e1mbitos educativo, sanitario, social y comunitario, desde diferentes perfiles profesionales y a distintos niveles de prevenci\u00f3n, desarrollando y coordinando planes municipales de drogas y otras actuaciones de forma transversal y con un nexo com\u00fan: reducir o evitar el uso y\/o abuso de drogas y otras conductas adictivas, as\u00ed como promover h\u00e1bitos de vida saludables.<\/p>\n\n\n\n<p>La diversidad, transversalidad y amplitud de sus funciones y actuaciones son una fortaleza indiscutible de estos servicios, y desean, en definitiva, seguir siendo el instrumento para promover que la poblaci\u00f3n se Contagie de Prevenci\u00f3n y entre todos\/as evitemos problemas de salud relacionados con las adicciones.<br><\/p>\n","protected":false},"excerpt":{"rendered":"<div class=\"mh-excerpt\">Con motivo del \u201cD\u00eda internacional de lucha contra el uso indebido y el tr\u00e1fico il\u00edcito de drogas\u00bb que se celebra este viernes 26 de junio Con motivo del D\u00eda Internacional de Lucha Contra el Uso <a class=\"mh-excerpt-more\" href=\"https:\/\/www.tucomarca.com\/wordpress\/segunda\/las-upcca-de-cheste-y-requena-se-unen-al-resto-unidades-de-la-comunitat-en-la-campana-contagiate-de-prevencion\/\" title=\"Las UPCCA de Cheste y Requena se unen al resto unidades de la Comunitat en la campa\u00f1a \u201cCont\u00e1giate de Prevenci\u00f3n\u201d\">[+] <\/a><\/div>\n","protected":false},"author":12,"featured_media":109392,"comment_status":"open","ping_status":"open","sticky":false,"template":"","format":"standard","meta":{"footnotes":""},"categories":[119,17,12201,128,8,10,142,28,27,3,116],"tags":[10470,2850,11937,11938,11951,5952,10387,9315],"class_list":{"0":"post-109388","1":"post","2":"type-post","3":"status-publish","4":"format-standard","5":"has-post-thumbnail","7":"category-sanidad-la-comarca","8":"category-cheste","9":"category-covid-19","10":"category-infraestructuras","11":"category-la-comarca","12":"category-la-hoya","13":"category-politica-la-comarca","14":"category-requena","15":"category-requena-utiel","16":"category-seccion","17":"category-sucesos-la-comarca","18":"tag-ayuntamiento-de-cheste","19":"tag-ayuntamiento-de-requena","20":"tag-coronavirus","21":"tag-covid-19","22":"tag-covid2019","23":"tag-la-hoya-de-bunol-chiva","24":"tag-requena-utiel","25":"tag-upcca"},"_links":{"self":[{"href":"https:\/\/www.tucomarca.com\/wordpress\/segunda\/wp-json\/wp\/v2\/posts\/109388","targetHints":{"allow":["GET"]}}],"collection":[{"href":"https:\/\/www.tucomarca.com\/wordpress\/segunda\/wp-json\/wp\/v2\/posts"}],"about":[{"href":"https:\/\/www.tucomarca.com\/wordpress\/segunda\/wp-json\/wp\/v2\/types\/post"}],"author":[{"embeddable":true,"href":"https:\/\/www.tucomarca.com\/wordpress\/segunda\/wp-json\/wp\/v2\/users\/12"}],"replies":[{"embeddable":true,"href":"https:\/\/www.tucomarca.com\/wordpress\/segunda\/wp-json\/wp\/v2\/comments?post=109388"}],"version-history":[{"count":0,"href":"https:\/\/www.tucomarca.com\/wordpress\/segunda\/wp-json\/wp\/v2\/posts\/109388\/revisions"}],"wp:featuredmedia":[{"embeddable":true,"href":"https:\/\/www.tucomarca.com\/wordpress\/segunda\/wp-json\/wp\/v2\/media\/109392"}],"wp:attachment":[{"href":"https:\/\/www.tucomarca.com\/wordpress\/segunda\/wp-json\/wp\/v2\/media?parent=109388"}],"wp:term":[{"taxonomy":"category","embeddable":true,"href":"https:\/\/www.tucomarca.com\/wordpress\/segunda\/wp-json\/wp\/v2\/categories?post=109388"},{"taxonomy":"post_tag","embeddable":true,"href":"https:\/\/www.tucomarca.com\/wordpress\/segunda\/wp-json\/wp\/v2\/tags?post=109388"}],"curies":[{"name":"wp","href":"https:\/\/api.w.org\/{rel}","templated":true}]}}