{"id":109398,"date":"2020-06-27T02:05:17","date_gmt":"2020-06-27T00:05:17","guid":{"rendered":"http:\/\/www.tucomarca.com\/wordpress\/segunda\/?p=109398"},"modified":"2020-06-27T02:05:20","modified_gmt":"2020-06-27T00:05:20","slug":"el-ayuntamiento-de-utiel-se-adhiere-al-manifiesto-del-dia-internacional-del-orgullo","status":"publish","type":"post","link":"https:\/\/www.tucomarca.com\/wordpress\/segunda\/el-ayuntamiento-de-utiel-se-adhiere-al-manifiesto-del-dia-internacional-del-orgullo\/","title":{"rendered":"El Ayuntamiento de Utiel se adhiere al manifiesto del D\u00eda Internacional del Orgullo"},"content":{"rendered":"\n<p><strong>Este domingo, 28 de junio, se celebra el D\u00eda Internacional del Orgullo LGTBIQ en defensa de la igualdad de derechos y de la no discriminaci\u00f3n por orientaci\u00f3n sexual<\/strong><\/p>\n\n\n\n<p>El Ayuntamiento de Utiel se ha adherido a la declaraci\u00f3n institucional de la Federaci\u00f3n Espa\u00f1ola de Municipios y Provincias (FEMP) en defensa de los derechos del colectivo LGTBIQ que el pr\u00f3ximo domingo, 28 de junio, celebra el D\u00eda Internacional del Orgullo.<\/p>\n\n\n\n<p>El consistorio utielano ha mostrado as\u00ed su respaldo a la comunidad LGTBI que, por desgracia, todav\u00eda a d\u00eda de hoy sigue sufriendo muestras de discriminaci\u00f3n en nuestra sociedad.&nbsp;<\/p>\n\n\n\n<p>Una adhesi\u00f3n con la que la administraci\u00f3n local quiere reivindicar la diversidad y la visibilidad de este colectivo que adem\u00e1s este 2020 celebra 15 a\u00f1os de la aprobaci\u00f3n de la ley del matrimonio entre personas del mismo sexo.<\/p>\n\n\n\n<p>El Ayuntamiento de Utiel se suma as\u00ed un a\u00f1o m\u00e1s a la conmemoraci\u00f3n del D\u00eda Internacional del Orgullo, \u201creconociendo la determinante contribuci\u00f3n que la Constituci\u00f3n Espa\u00f1ola ha supuesto para la convivencia, la cohesi\u00f3n social y el avance de nuestra sociedad y subrayando los progresos que se han alcanzado, a lo largo de estos \u00faltimos 40 a\u00f1os, en favor de la normalizaci\u00f3n social de quienes tienen una orientaci\u00f3n sexual distinta de la mayoritaria y\/o se identifican y expresan con otro g\u00e9nero distinto al que socialmente se les adjudica\u201d tal y como apunta la FEMP en su declaraci\u00f3n institucional.&nbsp;<\/p>\n\n\n\n<p>De este modo, el consistorio muestra p\u00fablicamente su compromiso en la lucha por los derechos de lesbianas, gays, bisexuales, transg\u00e9nero e intersexuales para lograr la igualdad real y efectiva y la no discriminaci\u00f3n por orientaci\u00f3n sexual o identidad de g\u00e9nero.&nbsp;<\/p>\n\n\n\n<p>Ayer los grupos municipales PSOE y UPIU presentaban una moci\u00f3n conjunta a la sesi\u00f3n plenaria del Ayuntamiento de Utiel con motivo del D\u00eda Internacional del Orgullo LGTBIQ que fue aprobada por unanimidad.<br><\/p>\n","protected":false},"excerpt":{"rendered":"<div class=\"mh-excerpt\">Este domingo, 28 de junio, se celebra el D\u00eda Internacional del Orgullo LGTBIQ en defensa de la igualdad de derechos y de la no discriminaci\u00f3n por orientaci\u00f3n sexual El Ayuntamiento de Utiel se ha adherido <a class=\"mh-excerpt-more\" href=\"https:\/\/www.tucomarca.com\/wordpress\/segunda\/el-ayuntamiento-de-utiel-se-adhiere-al-manifiesto-del-dia-internacional-del-orgullo\/\" title=\"El Ayuntamiento de Utiel se adhiere al manifiesto del D\u00eda Internacional del Orgullo\">[+] <\/a><\/div>\n","protected":false},"author":12,"featured_media":109399,"comment_status":"open","ping_status":"open","sticky":false,"template":"","format":"standard","meta":{"footnotes":""},"categories":[4,8,5,7,27,3,29],"tags":[10574,11718,10387],"class_list":{"0":"post-109398","1":"post","2":"type-post","3":"status-publish","4":"format-standard","5":"has-post-thumbnail","7":"category-agenda","8":"category-la-comarca","9":"category-la-semana-en-imagenes","10":"category-ocio-y-cultura","11":"category-requena-utiel","12":"category-seccion","13":"category-utiel","14":"tag-ayuntamiento-de-utiel","15":"tag-orgullo-lgtbi","16":"tag-requena-utiel"},"_links":{"self":[{"href":"https:\/\/www.tucomarca.com\/wordpress\/segunda\/wp-json\/wp\/v2\/posts\/109398","targetHints":{"allow":["GET"]}}],"collection":[{"href":"https:\/\/www.tucomarca.com\/wordpress\/segunda\/wp-json\/wp\/v2\/posts"}],"about":[{"href":"https:\/\/www.tucomarca.com\/wordpress\/segunda\/wp-json\/wp\/v2\/types\/post"}],"author":[{"embeddable":true,"href":"https:\/\/www.tucomarca.com\/wordpress\/segunda\/wp-json\/wp\/v2\/users\/12"}],"replies":[{"embeddable":true,"href":"https:\/\/www.tucomarca.com\/wordpress\/segunda\/wp-json\/wp\/v2\/comments?post=109398"}],"version-history":[{"count":0,"href":"https:\/\/www.tucomarca.com\/wordpress\/segunda\/wp-json\/wp\/v2\/posts\/109398\/revisions"}],"wp:featuredmedia":[{"embeddable":true,"href":"https:\/\/www.tucomarca.com\/wordpress\/segunda\/wp-json\/wp\/v2\/media\/109399"}],"wp:attachment":[{"href":"https:\/\/www.tucomarca.com\/wordpress\/segunda\/wp-json\/wp\/v2\/media?parent=109398"}],"wp:term":[{"taxonomy":"category","embeddable":true,"href":"https:\/\/www.tucomarca.com\/wordpress\/segunda\/wp-json\/wp\/v2\/categories?post=109398"},{"taxonomy":"post_tag","embeddable":true,"href":"https:\/\/www.tucomarca.com\/wordpress\/segunda\/wp-json\/wp\/v2\/tags?post=109398"}],"curies":[{"name":"wp","href":"https:\/\/api.w.org\/{rel}","templated":true}]}}