{"id":109403,"date":"2020-06-26T21:45:17","date_gmt":"2020-06-26T19:45:17","guid":{"rendered":"http:\/\/www.tucomarca.com\/wordpress\/segunda\/?p=109403"},"modified":"2020-06-27T01:58:31","modified_gmt":"2020-06-26T23:58:31","slug":"requena-contratara-a-desempleados-mayores-de-30-anos-dentro-del-programa-emcorp-de-labora","status":"publish","type":"post","link":"https:\/\/www.tucomarca.com\/wordpress\/segunda\/requena-contratara-a-desempleados-mayores-de-30-anos-dentro-del-programa-emcorp-de-labora\/","title":{"rendered":"Requena contratar\u00e1 a desempleados mayores de 30 a\u00f1os dentro del programa EMCORP de LABORA"},"content":{"rendered":"\n<p><strong>La selecci\u00f3n de estas personas se har\u00e1 de entre las inscritas en LABORA sin que estas tengan que hacer tr\u00e1mite alguno, y los puestos a cubrir son de los \u00e1mbitos de conserjer\u00eda, limpieza viaria y administraci\u00f3n<\/strong><\/p>\n\n\n\n<p>El Ayuntamiento de Requena va a contratar a desempleados mayores de 30 a\u00f1os, a trav\u00e9s de una subvenci\u00f3n recibida del plan EMCORP de LABORA, con un importe de 51.000 euros.<\/p>\n\n\n\n<p>El programa EMCORP est\u00e1 convocado por el Servicio Valenciano de Empleo y Formaci\u00f3n (LABORA).<\/p>\n\n\n\n<p>Esto permitir\u00e1 dar trabajo a tres personas por un per\u00edodo superior a ocho meses.<\/p>\n\n\n\n<p>Los puestos a cubrir son de los \u00e1mbitos de conserjer\u00eda, limpieza viaria y administraci\u00f3n.<\/p>\n\n\n\n<p>Para optar a estos trabajos, las personas interesadas tan solo deben estar inscritas en LABORA, siendo por tanto demandantes de empleo, sin tener que hacer ning\u00fan tr\u00e1mite adicional.<\/p>\n\n\n\n<p>Estas personas ser\u00e1n preseleccionadas por el LABORA, y el programa tiene como fin fomentar su integraci\u00f3n sociolaboral.<\/p>\n\n\n\n<p>Para optar a estos puestos deber\u00e1n estar inscritas como demandantes de empleo durante al menos 360 d\u00edas en un per\u00edodo de 540 d\u00edas.<\/p>\n\n\n\n<p>Con iniciativas como esta, el Consistorio de la localidad pretende ofrecer trabajo y dar as\u00ed un medio de subsistencia a aquellas personas que tengan m\u00e1s dif\u00edcil acceder al actual mercado laboral, que se vuelve cada vez m\u00e1s complicado a causa de las actuales circunstancias que estamos atravesando.<br><\/p>\n","protected":false},"excerpt":{"rendered":"<div class=\"mh-excerpt\">La selecci\u00f3n de estas personas se har\u00e1 de entre las inscritas en LABORA sin que estas tengan que hacer tr\u00e1mite alguno, y los puestos a cubrir son de los \u00e1mbitos de conserjer\u00eda, limpieza viaria y <a class=\"mh-excerpt-more\" href=\"https:\/\/www.tucomarca.com\/wordpress\/segunda\/requena-contratara-a-desempleados-mayores-de-30-anos-dentro-del-programa-emcorp-de-labora\/\" title=\"Requena contratar\u00e1 a desempleados mayores de 30 a\u00f1os dentro del programa EMCORP de LABORA\">[+] <\/a><\/div>\n","protected":false},"author":12,"featured_media":104872,"comment_status":"open","ping_status":"open","sticky":false,"template":"","format":"standard","meta":{"footnotes":""},"categories":[128,8,142,28,27,3],"tags":[2850,11484,10387],"class_list":{"0":"post-109403","1":"post","2":"type-post","3":"status-publish","4":"format-standard","5":"has-post-thumbnail","7":"category-infraestructuras","8":"category-la-comarca","9":"category-politica-la-comarca","10":"category-requena","11":"category-requena-utiel","12":"category-seccion","13":"tag-ayuntamiento-de-requena","14":"tag-labora","15":"tag-requena-utiel"},"_links":{"self":[{"href":"https:\/\/www.tucomarca.com\/wordpress\/segunda\/wp-json\/wp\/v2\/posts\/109403","targetHints":{"allow":["GET"]}}],"collection":[{"href":"https:\/\/www.tucomarca.com\/wordpress\/segunda\/wp-json\/wp\/v2\/posts"}],"about":[{"href":"https:\/\/www.tucomarca.com\/wordpress\/segunda\/wp-json\/wp\/v2\/types\/post"}],"author":[{"embeddable":true,"href":"https:\/\/www.tucomarca.com\/wordpress\/segunda\/wp-json\/wp\/v2\/users\/12"}],"replies":[{"embeddable":true,"href":"https:\/\/www.tucomarca.com\/wordpress\/segunda\/wp-json\/wp\/v2\/comments?post=109403"}],"version-history":[{"count":0,"href":"https:\/\/www.tucomarca.com\/wordpress\/segunda\/wp-json\/wp\/v2\/posts\/109403\/revisions"}],"wp:featuredmedia":[{"embeddable":true,"href":"https:\/\/www.tucomarca.com\/wordpress\/segunda\/wp-json\/wp\/v2\/media\/104872"}],"wp:attachment":[{"href":"https:\/\/www.tucomarca.com\/wordpress\/segunda\/wp-json\/wp\/v2\/media?parent=109403"}],"wp:term":[{"taxonomy":"category","embeddable":true,"href":"https:\/\/www.tucomarca.com\/wordpress\/segunda\/wp-json\/wp\/v2\/categories?post=109403"},{"taxonomy":"post_tag","embeddable":true,"href":"https:\/\/www.tucomarca.com\/wordpress\/segunda\/wp-json\/wp\/v2\/tags?post=109403"}],"curies":[{"name":"wp","href":"https:\/\/api.w.org\/{rel}","templated":true}]}}