{"id":109411,"date":"2020-06-26T21:10:32","date_gmt":"2020-06-26T19:10:32","guid":{"rendered":"http:\/\/www.tucomarca.com\/wordpress\/segunda\/?p=109411"},"modified":"2020-06-27T01:55:09","modified_gmt":"2020-06-26T23:55:09","slug":"el-ayuntamiento-de-bunol-ofrecera-en-directo-una-nueva-sesion-plenaria-sin-publico","status":"publish","type":"post","link":"https:\/\/www.tucomarca.com\/wordpress\/segunda\/el-ayuntamiento-de-bunol-ofrecera-en-directo-una-nueva-sesion-plenaria-sin-publico\/","title":{"rendered":"El Ayuntamiento de Bu\u00f1ol ofrecer\u00e1 en directo una nueva sesi\u00f3n plenaria sin p\u00fablico"},"content":{"rendered":"\n<p><strong>Todos los vecinos que deseen trasladar alg\u00fan ruego o pregunta a concejales o alcaldesa pueden volver a hacerlo enviando un mail a la radio municipal<\/strong><\/p>\n\n\n\n<p>Este lunes a las 18.40h tendr\u00e1 lugar en el sal\u00f3n de plenos del consistorio bu\u00f1olense una nueva sesi\u00f3n plenaria que ser\u00e1 nuevamente retransmitida por la emisora municipal para acercar en riguroso directo a todos los vecinos del municipio todo lo que ocurra.<\/p>\n\n\n\n<p>En el orden del d\u00eda destaca la aprobaci\u00f3n de la modificaci\u00f3n de la ordenanza reguladora de las bases para la concesi\u00f3n de ayudas para la adquisici\u00f3n de libros escolares y material escolar. Tambi\u00e9n se propone por parte del grupo municipal de Esquerra Unida a Vicent Albert Gabarda Cedell\u00e1n como candidato para la pr\u00f3xima edici\u00f3n de los premios 9 de octubre de la Generalitat Valenciana. Por \u00faltimo, este mismo grupo tambi\u00e9n presentar\u00e1 la propuesta del d\u00eda del Orgullo LGTBI, que se celebra este domingo 28 de junio.<\/p>\n\n\n\n<p>Tras las resoluciones adoptadas por alcald\u00eda y concejales e informar de la distinci\u00f3n concedida por la Academia de la M\u00fasica Valenciana se proceder\u00e1 a los ruegos y preguntas de los concejales.<\/p>\n\n\n\n<p>Antes del pleno ordinario se proceder\u00e1 al pleno de Buinsa, que arrancar\u00e1 a las 18.30h. En \u00e9l se presentar\u00e1n, para su aprobaci\u00f3n, las cuentas anuales de 2019, el informe de gesti\u00f3n del ejercicio econ\u00f3mico del pasado a\u00f1o y la aplicaci\u00f3n de resultados de ese ejercicio. Se finalizar\u00e1 con ruegos y preguntas.<\/p>\n\n\n\n<p>Adem\u00e1s, en esta sesi\u00f3n plenaria, que todav\u00eda ser\u00e1 a puerta cerrada, todo el municipio puede participar activamente, como ya lo hicieron en el pleno del pasado mes de mayo. Los vecinos pueden trasladar sus ruegos y preguntas a los concejales por medio del correo&nbsp;radiobunyol@gmail.com&nbsp;o por mensaje de texto o de Whatsapp al&nbsp;600442657&nbsp;y la periodista de la radio municipal, Pilar Criado, las expondr\u00e1 a los concejales, siempre que se hayan efectuado desde el respeto y con la identificaci\u00f3n del nombre y apellidos del vecino de la localidad que lo formule.<\/p>\n","protected":false},"excerpt":{"rendered":"<div class=\"mh-excerpt\">Todos los vecinos que deseen trasladar alg\u00fan ruego o pregunta a concejales o alcaldesa pueden volver a hacerlo enviando un mail a la radio municipal Este lunes a las 18.40h tendr\u00e1 lugar en el sal\u00f3n <a class=\"mh-excerpt-more\" href=\"https:\/\/www.tucomarca.com\/wordpress\/segunda\/el-ayuntamiento-de-bunol-ofrecera-en-directo-una-nueva-sesion-plenaria-sin-publico\/\" title=\"El Ayuntamiento de Bu\u00f1ol ofrecer\u00e1 en directo una nueva sesi\u00f3n plenaria sin p\u00fablico\">[+] <\/a><\/div>\n","protected":false},"author":12,"featured_media":105459,"comment_status":"open","ping_status":"open","sticky":false,"template":"","format":"standard","meta":{"footnotes":""},"categories":[18,12201,128,8,10,142,3,116],"tags":[5335,5952,2830],"class_list":{"0":"post-109411","1":"post","2":"type-post","3":"status-publish","4":"format-standard","5":"has-post-thumbnail","7":"category-bunol","8":"category-covid-19","9":"category-infraestructuras","10":"category-la-comarca","11":"category-la-hoya","12":"category-politica-la-comarca","13":"category-seccion","14":"category-sucesos-la-comarca","15":"tag-ayuntamiento-de-bunol","16":"tag-la-hoya-de-bunol-chiva","17":"tag-pleno-bunol"},"_links":{"self":[{"href":"https:\/\/www.tucomarca.com\/wordpress\/segunda\/wp-json\/wp\/v2\/posts\/109411","targetHints":{"allow":["GET"]}}],"collection":[{"href":"https:\/\/www.tucomarca.com\/wordpress\/segunda\/wp-json\/wp\/v2\/posts"}],"about":[{"href":"https:\/\/www.tucomarca.com\/wordpress\/segunda\/wp-json\/wp\/v2\/types\/post"}],"author":[{"embeddable":true,"href":"https:\/\/www.tucomarca.com\/wordpress\/segunda\/wp-json\/wp\/v2\/users\/12"}],"replies":[{"embeddable":true,"href":"https:\/\/www.tucomarca.com\/wordpress\/segunda\/wp-json\/wp\/v2\/comments?post=109411"}],"version-history":[{"count":0,"href":"https:\/\/www.tucomarca.com\/wordpress\/segunda\/wp-json\/wp\/v2\/posts\/109411\/revisions"}],"wp:featuredmedia":[{"embeddable":true,"href":"https:\/\/www.tucomarca.com\/wordpress\/segunda\/wp-json\/wp\/v2\/media\/105459"}],"wp:attachment":[{"href":"https:\/\/www.tucomarca.com\/wordpress\/segunda\/wp-json\/wp\/v2\/media?parent=109411"}],"wp:term":[{"taxonomy":"category","embeddable":true,"href":"https:\/\/www.tucomarca.com\/wordpress\/segunda\/wp-json\/wp\/v2\/categories?post=109411"},{"taxonomy":"post_tag","embeddable":true,"href":"https:\/\/www.tucomarca.com\/wordpress\/segunda\/wp-json\/wp\/v2\/tags?post=109411"}],"curies":[{"name":"wp","href":"https:\/\/api.w.org\/{rel}","templated":true}]}}