{"id":109421,"date":"2020-06-26T21:50:43","date_gmt":"2020-06-26T19:50:43","guid":{"rendered":"http:\/\/www.tucomarca.com\/wordpress\/segunda\/?p=109421"},"modified":"2020-06-27T02:01:10","modified_gmt":"2020-06-27T00:01:10","slug":"el-ayuntamiento-de-requena-solicita-a-la-ciudadania-hacer-un-buen-uso-del-servicio-de-recogida-de-enseres-o-voluminosos","status":"publish","type":"post","link":"https:\/\/www.tucomarca.com\/wordpress\/segunda\/el-ayuntamiento-de-requena-solicita-a-la-ciudadania-hacer-un-buen-uso-del-servicio-de-recogida-de-enseres-o-voluminosos\/","title":{"rendered":"El Ayuntamiento de Requena solicita a la ciudadan\u00eda hacer un buen uso del servicio de recogida de enseres o voluminosos"},"content":{"rendered":"\n<p><strong>Para saber cuales son los d\u00edas de recogida de estos enseres o voluminosos (principalmente muebles y electrodom\u00e9sticos) se debe consultar la pegatina informativa en el contenedor m\u00e1s cercano a nuestra ubicaci\u00f3n<\/strong><\/p>\n\n\n\n<p>El \u00e1rea de Medio Ambiente del M.I Ayuntamiento de Requena solicita que la ciudadan\u00eda haga un buen uso del servicio de recogida de enseres o voluminosos.<\/p>\n\n\n\n<p>El servicio de recogida de voluminosos NO consiste en desalojar casas, ni en vaciar pisos, o verter residuos de construcci\u00f3n.<\/p>\n\n\n\n<p>Consiste en desprenderse de 1 o dos enseres de una manera urgente, cuando no hay posibilidad de depositarlos en el ecoparque de Requena, ya que este tipo de Residuos se han de llevar al ecoparque municipal siempre que ello sea posible.<\/p>\n\n\n\n<p>Tras comprobar, tanto en Requena como en aldeas,&nbsp; el incremento de puntos en la localidad donde se depositan residuos voluminosos, como muebles o electrodom\u00e9sticos,&nbsp; se hace un llamamiento a la ciudadan\u00eda para que el aspecto de Requena y sus aldeas mejore, as\u00ed como el ornato y limpieza de la v\u00eda p\u00fablica.<\/p>\n\n\n\n<p>Desde el Consistorio del municipio se pide evitar estas situaciones, ya que este tipo de dep\u00f3sitos en la v\u00eda p\u00fablica s\u00f3lo consiguen aumentar la contaminaci\u00f3n en el municipio, empeorar el aspecto de nuestras calles y aumentar acciones inc\u00edvicas de forma continuada.<\/p>\n\n\n\n<p>Estas deposiciones se tratan de vertidos incontrolados en v\u00eda p\u00fablica, que vulneran las normas de convivencia y civismo y pueden conllevar sanciones al respecto.<\/p>\n\n\n\n<p>La corresponsabilidad y la participaci\u00f3n de todos nosotros haciendo buen uso de los contenedores, es tan importante como tener un buen servicio.<\/p>\n\n\n\n<p>Por todo ello, desde el Consistorio requenense se pide a los vecinos que se ajusten a lo establecido en cuanto a la Recogida de Voluminosos y desde el \u00e1rea de Medio Ambiente se explicitan varios aspectos a tener en cuenta para hacer un buen uso del Servicio:<\/p>\n\n\n\n<p>1. Si tienes electrodom\u00e9sticos o muebles de los que quieres deshacerte, ll\u00e9valos a las instalaciones del ecoparque. Te atender\u00e1 una operario\/a y se recibir\u00e1n los residuos voluminosos en horario de 8:00 a 13:00 y de 16:00 a 19:00 horas de lunes a s\u00e1bado de forma totalmente gratuita.<\/p>\n\n\n\n<p>2. Si tienes una emergencia, o no tienes posibilidad alguna de hacerlo llegar al ecoparque, deposita el mobiliario \/electrodom\u00e9stico al lado del contenedor m\u00e1s cercano de fracci\u00f3n resto en horario de 19:00 a 22:00 h.<\/p>\n\n\n\n<p>Recuerda no impedir con los enseres el paso al contenedor.<\/p>\n\n\n\n<p>Recuerda tambi\u00e9n que depositarlos en la calle, siempre se hace a modo de urgencia, no como una pr\u00e1ctica habitual, puesto que la v\u00eda p\u00fablica debe estar despejada y limpia.<\/p>\n\n\n\n<p>MATERIALES A SACAR Y CANTIDADES:<\/p>\n\n\n\n<p>Se pueden sacar 2 enseres cada d\u00eda, indistintamente a su tama\u00f1o (esta medida evita la ocupaci\u00f3n de la v\u00eda p\u00fablica).<\/p>\n\n\n\n<p>El servicio no retira mudanzas o desalojos como se vienen practicando de manera continuada.<\/p>\n\n\n\n<p>El servicio no sube a las viviendas a retirar los enseres.<\/p>\n\n\n\n<p>Tel\u00e9fono para avisos o incidencias 24h: 96 153 73 01.<\/p>\n\n\n\n<p>Gracias por tu colaboraci\u00f3n.<br><\/p>\n","protected":false},"excerpt":{"rendered":"<div class=\"mh-excerpt\">Para saber cuales son los d\u00edas de recogida de estos enseres o voluminosos (principalmente muebles y electrodom\u00e9sticos) se debe consultar la pegatina informativa en el contenedor m\u00e1s cercano a nuestra ubicaci\u00f3n El \u00e1rea de Medio <a class=\"mh-excerpt-more\" href=\"https:\/\/www.tucomarca.com\/wordpress\/segunda\/el-ayuntamiento-de-requena-solicita-a-la-ciudadania-hacer-un-buen-uso-del-servicio-de-recogida-de-enseres-o-voluminosos\/\" title=\"El Ayuntamiento de Requena solicita a la ciudadan\u00eda hacer un buen uso del servicio de recogida de enseres o voluminosos\">[+] <\/a><\/div>\n","protected":false},"author":12,"featured_media":109423,"comment_status":"open","ping_status":"open","sticky":false,"template":"","format":"standard","meta":{"footnotes":""},"categories":[128,8,117,142,28,27,3,116],"tags":[2850,10387],"class_list":{"0":"post-109421","1":"post","2":"type-post","3":"status-publish","4":"format-standard","5":"has-post-thumbnail","7":"category-infraestructuras","8":"category-la-comarca","9":"category-medio-ambiente-la-comarca","10":"category-politica-la-comarca","11":"category-requena","12":"category-requena-utiel","13":"category-seccion","14":"category-sucesos-la-comarca","15":"tag-ayuntamiento-de-requena","16":"tag-requena-utiel"},"_links":{"self":[{"href":"https:\/\/www.tucomarca.com\/wordpress\/segunda\/wp-json\/wp\/v2\/posts\/109421","targetHints":{"allow":["GET"]}}],"collection":[{"href":"https:\/\/www.tucomarca.com\/wordpress\/segunda\/wp-json\/wp\/v2\/posts"}],"about":[{"href":"https:\/\/www.tucomarca.com\/wordpress\/segunda\/wp-json\/wp\/v2\/types\/post"}],"author":[{"embeddable":true,"href":"https:\/\/www.tucomarca.com\/wordpress\/segunda\/wp-json\/wp\/v2\/users\/12"}],"replies":[{"embeddable":true,"href":"https:\/\/www.tucomarca.com\/wordpress\/segunda\/wp-json\/wp\/v2\/comments?post=109421"}],"version-history":[{"count":0,"href":"https:\/\/www.tucomarca.com\/wordpress\/segunda\/wp-json\/wp\/v2\/posts\/109421\/revisions"}],"wp:featuredmedia":[{"embeddable":true,"href":"https:\/\/www.tucomarca.com\/wordpress\/segunda\/wp-json\/wp\/v2\/media\/109423"}],"wp:attachment":[{"href":"https:\/\/www.tucomarca.com\/wordpress\/segunda\/wp-json\/wp\/v2\/media?parent=109421"}],"wp:term":[{"taxonomy":"category","embeddable":true,"href":"https:\/\/www.tucomarca.com\/wordpress\/segunda\/wp-json\/wp\/v2\/categories?post=109421"},{"taxonomy":"post_tag","embeddable":true,"href":"https:\/\/www.tucomarca.com\/wordpress\/segunda\/wp-json\/wp\/v2\/tags?post=109421"}],"curies":[{"name":"wp","href":"https:\/\/api.w.org\/{rel}","templated":true}]}}