{"id":109431,"date":"2020-06-27T02:03:39","date_gmt":"2020-06-27T00:03:39","guid":{"rendered":"http:\/\/www.tucomarca.com\/wordpress\/segunda\/?p=109431"},"modified":"2020-06-27T02:03:41","modified_gmt":"2020-06-27T00:03:41","slug":"en-marcha-la-sexta-edicion-de-presupuestos-participativos-de-leliana","status":"publish","type":"post","link":"https:\/\/www.tucomarca.com\/wordpress\/segunda\/en-marcha-la-sexta-edicion-de-presupuestos-participativos-de-leliana\/","title":{"rendered":"En marcha la sexta edici\u00f3n de Presupuestos Participativos de L\u2019Eliana"},"content":{"rendered":"\n<p><strong>La ciudadan\u00eda puede proponer hasta el pr\u00f3ximo 12 de julio actuaciones e inversiones, que posteriormente ser\u00e1n votadas en una segunda fase<\/strong><\/p>\n\n\n\n<p>La concejal\u00eda de Participaci\u00f3n Ciudadana ha abierto el plazo para concurrir al programa municipal de Presupuestos Participativos, con el objetivo de promocionar la participaci\u00f3n activa en el proceso de confecci\u00f3n de las cuentas municipales de 2021. La ciudadan\u00eda puede proponer hasta el domingo 12 de julio aquellas actuaciones en infraestructuras que considere prioritarias para mejorar el municipio, o bien, participar en una fase posterior, votando las propuestas que hayan resultado seleccionadas de entre todas las presentadas en este primer periodo.<\/p>\n\n\n\n<p>Cualquier persona podr\u00e1 plantear inversiones accediendo desde cualquier dispositivo a la web <a href=\"http:\/\/www.lelianaparticipa.es\">www.lelianaparticipa.es<\/a> y rellenando el formulario electr\u00f3nico disponible, aunque posteriormente solo los vecinos y vecinas empadronados en l&#8217;Eliana con 16 a\u00f1os cumplidos podr\u00e1n elegir entre las ideas presentadas.&nbsp;<\/p>\n\n\n\n<p>De&nbsp; entre todas las propuestas recibidas, los t\u00e9cnicos municipales seleccionar\u00e1n aquellas que cumplen una serie de requisitos b\u00e1sicos como que sean acciones competencia del Ayuntamiento, que no est\u00e9n ya ejecutadas o en proyecto, que su coste estimado no sea superior al importe disponible o que se puedan desarrollar dentro de un mismo ejercicio presupuestario. El conjunto de planes considerados viables ser\u00e1n sometidas a votaci\u00f3n p\u00fablica el pr\u00f3ximo mes de septiembre.<\/p>\n\n\n\n<p>En esta sexta edici\u00f3n, el Ayuntamiento consolida su apuesta por la participaci\u00f3n ciudadana gracias a un conjunto de iniciativas complementarias como por ejemplo el fomento del asociacionismo, el&nbsp; incremento de la transparencia y el apoyo a los \u00f3rganos y entidades de participaci\u00f3n.<\/p>\n\n\n\n<p>Tal y como ha explicado el concejal del \u00e1rea, Jorge P\u00e9rez Comeche, lograr unas mayores cuotas de democracia participativa requiere de un esfuerzo dirigido no solo a incorporar la voz de la ciudadan\u00eda al proceso de toma de decisiones sobre pol\u00edticas p\u00fablicas, sino sobre todo, a generar un conjunto de actitudes que puedan conducir a una mejora de nuestra educaci\u00f3n democr\u00e1tica \u2013la de los elianeros y elianeras y, tambi\u00e9n, la de la propia Administraci\u00f3n-. \u201c<em>Solamente desde un cambio cultural focalizado en la colaboraci\u00f3n, los principios del bien com\u00fan y la corresponsabilidad se podr\u00e1 generar el necesario valor a\u00f1adido a los procesos participativos<\/em>\u201d, ha recalcado.<br><\/p>\n","protected":false},"excerpt":{"rendered":"<div class=\"mh-excerpt\">La ciudadan\u00eda puede proponer hasta el pr\u00f3ximo 12 de julio actuaciones e inversiones, que posteriormente ser\u00e1n votadas en una segunda fase La concejal\u00eda de Participaci\u00f3n Ciudadana ha abierto el plazo para concurrir al programa municipal <a class=\"mh-excerpt-more\" href=\"https:\/\/www.tucomarca.com\/wordpress\/segunda\/en-marcha-la-sexta-edicion-de-presupuestos-participativos-de-leliana\/\" title=\"En marcha la sexta edici\u00f3n de Presupuestos Participativos de L\u2019Eliana\">[+] <\/a><\/div>\n","protected":false},"author":12,"featured_media":104978,"comment_status":"open","ping_status":"open","sticky":false,"template":"","format":"standard","meta":{"footnotes":""},"categories":[46,177,8,142,3],"tags":[10535,10395,12324],"class_list":{"0":"post-109431","1":"post","2":"type-post","3":"status-publish","4":"format-standard","5":"has-post-thumbnail","7":"category-camp-de-turia","8":"category-leliana","9":"category-la-comarca","10":"category-politica-la-comarca","11":"category-seccion","12":"tag-ajuntament-de-leliana","13":"tag-camp-de-turia","14":"tag-presupuestos-participativos"},"_links":{"self":[{"href":"https:\/\/www.tucomarca.com\/wordpress\/segunda\/wp-json\/wp\/v2\/posts\/109431","targetHints":{"allow":["GET"]}}],"collection":[{"href":"https:\/\/www.tucomarca.com\/wordpress\/segunda\/wp-json\/wp\/v2\/posts"}],"about":[{"href":"https:\/\/www.tucomarca.com\/wordpress\/segunda\/wp-json\/wp\/v2\/types\/post"}],"author":[{"embeddable":true,"href":"https:\/\/www.tucomarca.com\/wordpress\/segunda\/wp-json\/wp\/v2\/users\/12"}],"replies":[{"embeddable":true,"href":"https:\/\/www.tucomarca.com\/wordpress\/segunda\/wp-json\/wp\/v2\/comments?post=109431"}],"version-history":[{"count":0,"href":"https:\/\/www.tucomarca.com\/wordpress\/segunda\/wp-json\/wp\/v2\/posts\/109431\/revisions"}],"wp:featuredmedia":[{"embeddable":true,"href":"https:\/\/www.tucomarca.com\/wordpress\/segunda\/wp-json\/wp\/v2\/media\/104978"}],"wp:attachment":[{"href":"https:\/\/www.tucomarca.com\/wordpress\/segunda\/wp-json\/wp\/v2\/media?parent=109431"}],"wp:term":[{"taxonomy":"category","embeddable":true,"href":"https:\/\/www.tucomarca.com\/wordpress\/segunda\/wp-json\/wp\/v2\/categories?post=109431"},{"taxonomy":"post_tag","embeddable":true,"href":"https:\/\/www.tucomarca.com\/wordpress\/segunda\/wp-json\/wp\/v2\/tags?post=109431"}],"curies":[{"name":"wp","href":"https:\/\/api.w.org\/{rel}","templated":true}]}}