{"id":109452,"date":"2020-06-27T09:00:45","date_gmt":"2020-06-27T07:00:45","guid":{"rendered":"http:\/\/www.tucomarca.com\/wordpress\/segunda\/?p=109452"},"modified":"2020-06-28T11:26:35","modified_gmt":"2020-06-28T09:26:35","slug":"barcelo-apela-a-la-prudencia-en-una-jornada-en-la-que-no-se-han-producido-ingresos-por-coronavirus-en-los-hospitales-valencianos","status":"publish","type":"post","link":"https:\/\/www.tucomarca.com\/wordpress\/segunda\/barcelo-apela-a-la-prudencia-en-una-jornada-en-la-que-no-se-han-producido-ingresos-por-coronavirus-en-los-hospitales-valencianos\/","title":{"rendered":"Barcel\u00f3 apela a la \u00abprudencia\u00bb en una jornada en la que no se han producido ingresos por coronavirus en los hospitales valencianos"},"content":{"rendered":"\n<p>La consellera de Sanidad Universal y Salud P\u00fablica, Ana Barcel\u00f3, ha apelado una vez m\u00e1s a la prudencia de todos los ciudadanos y ciudadanas porque \u00absigue siendo necesaria para acabar con el virus\u00bb a pesar de que la evoluci\u00f3n de la pandemia sigue siendo positiva.<\/p>\n\n\n\n<p>La Comunitat Valenciana ha registrado en las \u00faltimas 24 horas 70 nuevas altas a pacientes con coronavirus. De esta forma, son ya 14.628 las personas que han superado la enfermedad desde que comenz\u00f3 la pandemia: 1.710 en la provincia de Castell\u00f3n, 5.007 en la de Alicante y 7.906 en la de Valencia. A ellas hay que sumar otras 5 correspondientes a personas desplazadas.<\/p>\n\n\n\n<p>Al mismo tiempo, los datos contin\u00faan siendo esperanzadores en lo que respecta a los ingresos hospitalarios por coronavirus. En la \u00faltima jornada no se ha registrado ning\u00fan ingreso nuevo, y el n\u00famero de pacientes ingresados en estos momentos es de 60 personas, 8 de ellas en las Unidades de Cuidados Intensivos de la Comunitat: 4 en la provincia de Castell\u00f3n, 1 de ellos en UCI; 27 en la provincia de Alicante, de ellos 4 en la UCI; y 29 en la provincia de Valencia, de ellos 3 en la UCI.<\/p>\n\n\n\n<p>En cuanto a casos positivos nuevos, desde la \u00faltima actualizaci\u00f3n se han detectado 17 casos a trav\u00e9s de PCR, que elevan a 11.526 el total de positivos desde que comenz\u00f3 la pandemia. La distribuci\u00f3n por provincias es la siguiente:<\/p>\n\n\n\n<p>\u00b7 1 en Castell\u00f3n (1.604 en total)<\/p>\n\n\n\n<p>\u00b7 2 en la provincia de Alicante (3.960 en total)<\/p>\n\n\n\n<p>\u00b7 14 en la provincia de Valencia (5.955 en total)<\/p>\n\n\n\n<p>\u00b7 7 no asignados (no nuevos)<\/p>\n\n\n\n<p>En estos momentos quedan activos 2.082 casos, lo que supone un 11,4% del total de positivos.<\/p>\n\n\n\n<p>El n\u00famero de altas de profesionales sanitarios es de 2.285 y el n\u00famero total de positivos en profesionales en estos momentos es de 493.<\/p>\n\n\n\n<p>El n\u00famero total de pruebas llevadas a cabo para la detecci\u00f3n del coronavirus ha sido de 434.627, de las que 313.749 han sido a trav\u00e9s de PCR y 120.878 a trav\u00e9s de test r\u00e1pido.<\/p>\n\n\n\n<p><strong>Actualizaci\u00f3n de la situaci\u00f3n en residencias<\/strong><\/p>\n\n\n\n<p>Actualmente hay alg\u00fan caso positivo en 10 centros (0 en la provincia de Castell\u00f3n, 1 en la de Alicante y 9 en la provincia de Valencia).<\/p>\n\n\n\n<p>\u00b7 Residentes nuevos positivos: 4<\/p>\n\n\n\n<p>\u00b7 Trabajadores nuevos positivos: 0<\/p>\n\n\n\n<p>\u00b7 Residentes fallecidos: 1<\/p>\n\n\n\n<p>En estos momentos, se encuentran bajo vigilancia activa de control sanitario 6 residencias en la Comunitat Valenciana: 0 en la provincia de Castell\u00f3n, 1 en la provincia de Alicante y 5 en la provincia de Valencia.<\/p>\n","protected":false},"excerpt":{"rendered":"<div class=\"mh-excerpt\">La consellera de Sanidad Universal y Salud P\u00fablica, Ana Barcel\u00f3, ha apelado una vez m\u00e1s a la prudencia de todos los ciudadanos y ciudadanas porque \u00absigue siendo necesaria para acabar con el virus\u00bb a pesar <a class=\"mh-excerpt-more\" href=\"https:\/\/www.tucomarca.com\/wordpress\/segunda\/barcelo-apela-a-la-prudencia-en-una-jornada-en-la-que-no-se-han-producido-ingresos-por-coronavirus-en-los-hospitales-valencianos\/\" title=\"Barcel\u00f3 apela a la \u00abprudencia\u00bb en una jornada en la que no se han producido ingresos por coronavirus en los hospitales valencianos\">[+] <\/a><\/div>\n","protected":false},"author":1,"featured_media":107402,"comment_status":"open","ping_status":"open","sticky":false,"template":"","format":"standard","meta":{"footnotes":""},"categories":[119,12201,128,8,72,117,142,3,116,45],"tags":[11937,11938,11951],"class_list":{"0":"post-109452","1":"post","2":"type-post","3":"status-publish","4":"format-standard","5":"has-post-thumbnail","7":"category-sanidad-la-comarca","8":"category-covid-19","9":"category-infraestructuras","10":"category-la-comarca","11":"category-sin-categorizar","12":"category-medio-ambiente-la-comarca","13":"category-politica-la-comarca","14":"category-seccion","15":"category-sucesos-la-comarca","16":"category-ventana","17":"tag-coronavirus","18":"tag-covid-19","19":"tag-covid2019"},"_links":{"self":[{"href":"https:\/\/www.tucomarca.com\/wordpress\/segunda\/wp-json\/wp\/v2\/posts\/109452","targetHints":{"allow":["GET"]}}],"collection":[{"href":"https:\/\/www.tucomarca.com\/wordpress\/segunda\/wp-json\/wp\/v2\/posts"}],"about":[{"href":"https:\/\/www.tucomarca.com\/wordpress\/segunda\/wp-json\/wp\/v2\/types\/post"}],"author":[{"embeddable":true,"href":"https:\/\/www.tucomarca.com\/wordpress\/segunda\/wp-json\/wp\/v2\/users\/1"}],"replies":[{"embeddable":true,"href":"https:\/\/www.tucomarca.com\/wordpress\/segunda\/wp-json\/wp\/v2\/comments?post=109452"}],"version-history":[{"count":0,"href":"https:\/\/www.tucomarca.com\/wordpress\/segunda\/wp-json\/wp\/v2\/posts\/109452\/revisions"}],"wp:featuredmedia":[{"embeddable":true,"href":"https:\/\/www.tucomarca.com\/wordpress\/segunda\/wp-json\/wp\/v2\/media\/107402"}],"wp:attachment":[{"href":"https:\/\/www.tucomarca.com\/wordpress\/segunda\/wp-json\/wp\/v2\/media?parent=109452"}],"wp:term":[{"taxonomy":"category","embeddable":true,"href":"https:\/\/www.tucomarca.com\/wordpress\/segunda\/wp-json\/wp\/v2\/categories?post=109452"},{"taxonomy":"post_tag","embeddable":true,"href":"https:\/\/www.tucomarca.com\/wordpress\/segunda\/wp-json\/wp\/v2\/tags?post=109452"}],"curies":[{"name":"wp","href":"https:\/\/api.w.org\/{rel}","templated":true}]}}